{"id":3498,"date":"2024-10-01T09:03:32","date_gmt":"2024-10-01T09:03:32","guid":{"rendered":"https:\/\/www.lafabbricadellapastadigragnano.com\/?p=3498"},"modified":"2024-11-18T09:05:11","modified_gmt":"2024-11-18T09:05:11","slug":"intesa-san-paolo-premia-a-napoli-10-pmi-di-eccellenza-del-sud","status":"publish","type":"post","link":"https:\/\/www.lafabbricadellapastadigragnano.com\/de\/intesa-san-paolo-premia-a-napoli-10-pmi-di-eccellenza-del-sud\/","title":{"rendered":"Intesa Sanpaolo belohnt 10 KMU aus S\u00fcditalien in Neapel"},"content":{"rendered":"<p class=\"wp-block-paragraph\">ANSA &#8211; 01.10.2024 &#8211;\u00a0<\/p>\n\n\n\n<p class=\"wp-block-paragraph\">Bei einer von \u201eIntesa Sanpaolo\u201cin Neapel organisierten Veranstaltung wurde La Fabbrica della Pasta di Gragnano f\u00fcr seine Leistungen in der Lebensmittelindustrie geehrt und mit dem Preis \u201eWinning Enterprise\u201c ausgezeichnet. Mit dieser Auszeichnung werden die Beitr\u00e4ge ausgew\u00e4hlter KMU gew\u00fcrdigt, wobei Innovation, Nachhaltigkeit und soziale\nAuswirkungen hervorgehoben werden, wobei ein besonderer Schwerpunkt auf digitalen und \u00f6kologischen \u00dcberg\u00e4ngen liegt.\n\nDie Veranstaltung erinnerte an die Bedeutung von Made in Italy und unsere kulturellen Wurzeln und stellte stolz die Tradition der Gragnano-Nudeln in den Mittelpunkt.<\/p>\n\n\n\n<div style=\"height:20px\" aria-hidden=\"true\" class=\"wp-block-spacer\"><\/div>\n\n\n\n<div class=\"wp-block-buttons is-layout-flex wp-block-buttons-is-layout-flex\">\n<div class=\"wp-block-button is-style-fill\"><a class=\"wp-block-button__link wp-element-button\" href=\"https:\/\/www.ansa.it\/campania\/notizie\/2024\/10\/01\/intesa-san-paolo-premia-a-napoli-10-pmi-di-eccellenza-del-sud_f0863e30-1dbb-42fb-be5e-ceab0432d9a5.html\" target=\"_blank\" rel=\"noreferrer noopener nofollow\">Lesen Sie den Artikel<\/a><\/div>\n<\/div>\n\n\n\n<p class=\"wp-block-paragraph\"><\/p>","protected":false},"excerpt":{"rendered":"<p>ANSA &#8211; 01.10.2024 &#8211;\u00a0 Su ANSA.it \u2013 Notizie Campania, si parla di eccellenza imprenditoriale nel Sud Italia. Tra le protagoniste [&hellip;]<\/p>\n","protected":false},"author":1,"featured_media":3501,"comment_status":"closed","ping_status":"closed","sticky":false,"template":"","format":"standard","meta":{"footnotes":""},"categories":[1],"tags":[],"class_list":["post-3498","post","type-post","status-publish","format-standard","has-post-thumbnail","hentry","category-news"],"yoast_head":"<!-- This site is optimized with the Yoast SEO plugin v28.4 - https:\/\/yoast.com\/product\/yoast-seo-wordpress\/ -->\n<title>Intesa San Paolo premia a Napoli 10 pmi di eccellenza del Sud - La Fabbrica della Pasta di Gragnano<\/title>\n<meta name=\"robots\" content=\"index, follow, max-snippet:-1, max-image-preview:large, max-video-preview:-1\" \/>\n<link rel=\"canonical\" href=\"https:\/\/www.lafabbricadellapastadigragnano.com\/de\/intesa-san-paolo-premia-a-napoli-10-pmi-di-eccellenza-del-sud\/\" \/>\n<meta property=\"og:locale\" content=\"de_DE\" \/>\n<meta property=\"og:type\" content=\"article\" \/>\n<meta property=\"og:title\" content=\"Intesa San Paolo premia a Napoli 10 pmi di eccellenza del Sud - La Fabbrica della Pasta di Gragnano\" \/>\n<meta property=\"og:description\" content=\"ANSA &#8211; 01.10.2024 &#8211;\u00a0 Su ANSA.it \u2013 Notizie Campania, si parla di eccellenza imprenditoriale nel Sud Italia. Tra le protagoniste [&hellip;]\" \/>\n<meta property=\"og:url\" content=\"https:\/\/www.lafabbricadellapastadigragnano.com\/de\/intesa-san-paolo-premia-a-napoli-10-pmi-di-eccellenza-del-sud\/\" \/>\n<meta property=\"og:site_name\" content=\"La Fabbrica della Pasta di Gragnano\" \/>\n<meta property=\"article:publisher\" content=\"https:\/\/www.facebook.com\/LaFabbricaDellaPastaDiGragnano\" \/>\n<meta property=\"article:published_time\" content=\"2024-10-01T09:03:32+00:00\" \/>\n<meta property=\"article:modified_time\" content=\"2024-11-18T09:05:11+00:00\" \/>\n<meta property=\"og:image\" content=\"https:\/\/www.lafabbricadellapastadigragnano.com\/wp-content\/uploads\/2024\/10\/intesa-san-paolo-fabbrica-della-pasta.jpg\" \/>\n\t<meta property=\"og:image:width\" content=\"1200\" \/>\n\t<meta property=\"og:image:height\" content=\"800\" \/>\n\t<meta property=\"og:image:type\" content=\"image\/jpeg\" \/>\n<meta name=\"author\" content=\"fabbricadellapasta\" \/>\n<meta name=\"twitter:card\" content=\"summary_large_image\" \/>\n<meta name=\"twitter:creator\" content=\"@fabbricapasta\" \/>\n<meta name=\"twitter:site\" content=\"@fabbricapasta\" \/>\n<meta name=\"twitter:label1\" content=\"Verfasst von\" \/>\n\t<meta name=\"twitter:data1\" content=\"fabbricadellapasta\" \/>\n<script type=\"application\/ld+json\" class=\"yoast-schema-graph\">{\"@context\":\"https:\\\/\\\/schema.org\",\"@graph\":[{\"@type\":\"Article\",\"@id\":\"https:\\\/\\\/www.lafabbricadellapastadigragnano.com\\\/intesa-san-paolo-premia-a-napoli-10-pmi-di-eccellenza-del-sud\\\/#article\",\"isPartOf\":{\"@id\":\"https:\\\/\\\/www.lafabbricadellapastadigragnano.com\\\/intesa-san-paolo-premia-a-napoli-10-pmi-di-eccellenza-del-sud\\\/\"},\"author\":{\"name\":\"fabbricadellapasta\",\"@id\":\"https:\\\/\\\/www.lafabbricadellapastadigragnano.com\\\/#\\\/schema\\\/person\\\/5210ab7235fcdc2f920ba1d5572dcdcd\"},\"headline\":\"Intesa San Paolo premia a Napoli 10 pmi di eccellenza del Sud\",\"datePublished\":\"2024-10-01T09:03:32+00:00\",\"dateModified\":\"2024-11-18T09:05:11+00:00\",\"mainEntityOfPage\":{\"@id\":\"https:\\\/\\\/www.lafabbricadellapastadigragnano.com\\\/intesa-san-paolo-premia-a-napoli-10-pmi-di-eccellenza-del-sud\\\/\"},\"wordCount\":106,\"publisher\":{\"@id\":\"https:\\\/\\\/www.lafabbricadellapastadigragnano.com\\\/#organization\"},\"image\":{\"@id\":\"https:\\\/\\\/www.lafabbricadellapastadigragnano.com\\\/intesa-san-paolo-premia-a-napoli-10-pmi-di-eccellenza-del-sud\\\/#primaryimage\"},\"thumbnailUrl\":\"https:\\\/\\\/www.lafabbricadellapastadigragnano.com\\\/wp-content\\\/uploads\\\/2024\\\/10\\\/intesa-san-paolo-fabbrica-della-pasta.jpg\",\"articleSection\":[\"News\"],\"inLanguage\":\"de\"},{\"@type\":\"WebPage\",\"@id\":\"https:\\\/\\\/www.lafabbricadellapastadigragnano.com\\\/intesa-san-paolo-premia-a-napoli-10-pmi-di-eccellenza-del-sud\\\/\",\"url\":\"https:\\\/\\\/www.lafabbricadellapastadigragnano.com\\\/intesa-san-paolo-premia-a-napoli-10-pmi-di-eccellenza-del-sud\\\/\",\"name\":\"Intesa San Paolo premia a Napoli 10 pmi di eccellenza del Sud - La Fabbrica della Pasta di Gragnano\",\"isPartOf\":{\"@id\":\"https:\\\/\\\/www.lafabbricadellapastadigragnano.com\\\/#website\"},\"primaryImageOfPage\":{\"@id\":\"https:\\\/\\\/www.lafabbricadellapastadigragnano.com\\\/intesa-san-paolo-premia-a-napoli-10-pmi-di-eccellenza-del-sud\\\/#primaryimage\"},\"image\":{\"@id\":\"https:\\\/\\\/www.lafabbricadellapastadigragnano.com\\\/intesa-san-paolo-premia-a-napoli-10-pmi-di-eccellenza-del-sud\\\/#primaryimage\"},\"thumbnailUrl\":\"https:\\\/\\\/www.lafabbricadellapastadigragnano.com\\\/wp-content\\\/uploads\\\/2024\\\/10\\\/intesa-san-paolo-fabbrica-della-pasta.jpg\",\"datePublished\":\"2024-10-01T09:03:32+00:00\",\"dateModified\":\"2024-11-18T09:05:11+00:00\",\"breadcrumb\":{\"@id\":\"https:\\\/\\\/www.lafabbricadellapastadigragnano.com\\\/intesa-san-paolo-premia-a-napoli-10-pmi-di-eccellenza-del-sud\\\/#breadcrumb\"},\"inLanguage\":\"de\",\"potentialAction\":[{\"@type\":\"ReadAction\",\"target\":[\"https:\\\/\\\/www.lafabbricadellapastadigragnano.com\\\/intesa-san-paolo-premia-a-napoli-10-pmi-di-eccellenza-del-sud\\\/\"]}]},{\"@type\":\"ImageObject\",\"inLanguage\":\"de\",\"@id\":\"https:\\\/\\\/www.lafabbricadellapastadigragnano.com\\\/intesa-san-paolo-premia-a-napoli-10-pmi-di-eccellenza-del-sud\\\/#primaryimage\",\"url\":\"https:\\\/\\\/www.lafabbricadellapastadigragnano.com\\\/wp-content\\\/uploads\\\/2024\\\/10\\\/intesa-san-paolo-fabbrica-della-pasta.jpg\",\"contentUrl\":\"https:\\\/\\\/www.lafabbricadellapastadigragnano.com\\\/wp-content\\\/uploads\\\/2024\\\/10\\\/intesa-san-paolo-fabbrica-della-pasta.jpg\",\"width\":1200,\"height\":800},{\"@type\":\"BreadcrumbList\",\"@id\":\"https:\\\/\\\/www.lafabbricadellapastadigragnano.com\\\/intesa-san-paolo-premia-a-napoli-10-pmi-di-eccellenza-del-sud\\\/#breadcrumb\",\"itemListElement\":[{\"@type\":\"ListItem\",\"position\":1,\"name\":\"Home\",\"item\":\"https:\\\/\\\/www.lafabbricadellapastadigragnano.com\\\/\"},{\"@type\":\"ListItem\",\"position\":2,\"name\":\"Intesa San Paolo premia a Napoli 10 pmi di eccellenza del Sud\"}]},{\"@type\":\"WebSite\",\"@id\":\"https:\\\/\\\/www.lafabbricadellapastadigragnano.com\\\/#website\",\"url\":\"https:\\\/\\\/www.lafabbricadellapastadigragnano.com\\\/\",\"name\":\"La Fabbrica della Pasta di Gragnano\",\"description\":\"Una pasta d&#039;eccellenza\",\"publisher\":{\"@id\":\"https:\\\/\\\/www.lafabbricadellapastadigragnano.com\\\/#organization\"},\"alternateName\":\"La Fabbrica della Pasta\",\"potentialAction\":[{\"@type\":\"SearchAction\",\"target\":{\"@type\":\"EntryPoint\",\"urlTemplate\":\"https:\\\/\\\/www.lafabbricadellapastadigragnano.com\\\/?s={search_term_string}\"},\"query-input\":{\"@type\":\"PropertyValueSpecification\",\"valueRequired\":true,\"valueName\":\"search_term_string\"}}],\"inLanguage\":\"de\"},{\"@type\":\"Organization\",\"@id\":\"https:\\\/\\\/www.lafabbricadellapastadigragnano.com\\\/#organization\",\"name\":\"La Fabbrica della Pasta di Gragnano\",\"alternateName\":\"La Fabbrica della Pasta\",\"url\":\"https:\\\/\\\/www.lafabbricadellapastadigragnano.com\\\/\",\"logo\":{\"@type\":\"ImageObject\",\"inLanguage\":\"de\",\"@id\":\"https:\\\/\\\/www.lafabbricadellapastadigragnano.com\\\/#\\\/schema\\\/logo\\\/image\\\/\",\"url\":\"https:\\\/\\\/www.lafabbricadellapastadigragnano.com\\\/wp-content\\\/uploads\\\/2024\\\/10\\\/logo-ricetta-stampa.png\",\"contentUrl\":\"https:\\\/\\\/www.lafabbricadellapastadigragnano.com\\\/wp-content\\\/uploads\\\/2024\\\/10\\\/logo-ricetta-stampa.png\",\"width\":300,\"height\":200,\"caption\":\"La Fabbrica della Pasta di Gragnano\"},\"image\":{\"@id\":\"https:\\\/\\\/www.lafabbricadellapastadigragnano.com\\\/#\\\/schema\\\/logo\\\/image\\\/\"},\"sameAs\":[\"https:\\\/\\\/www.facebook.com\\\/LaFabbricaDellaPastaDiGragnano\",\"https:\\\/\\\/x.com\\\/fabbricapasta\",\"https:\\\/\\\/www.instagram.com\\\/lafabbricadellapastadigragnano\",\"https:\\\/\\\/www.linkedin.com\\\/company\\\/la-fabbrica-della-pasta-di-gragnano-s-r-l-\\\/\",\"https:\\\/\\\/www.youtube.com\\\/channel\\\/UCnPf62PmylMP1JUIGVDf8OA\",\"https:\\\/\\\/www.tiktok.com\\\/@fabbricadellapasta\"]},{\"@type\":\"Person\",\"@id\":\"https:\\\/\\\/www.lafabbricadellapastadigragnano.com\\\/#\\\/schema\\\/person\\\/5210ab7235fcdc2f920ba1d5572dcdcd\",\"name\":\"fabbricadellapasta\",\"image\":{\"@type\":\"ImageObject\",\"inLanguage\":\"de\",\"@id\":\"https:\\\/\\\/secure.gravatar.com\\\/avatar\\\/992ab61a4f476fcd7879f91440b8176df8eda9e81fd032904b2eb0ca3d0d2d4e?s=96&#038;d=mm&#038;r=g\",\"url\":\"https:\\\/\\\/secure.gravatar.com\\\/avatar\\\/992ab61a4f476fcd7879f91440b8176df8eda9e81fd032904b2eb0ca3d0d2d4e?s=96&#038;d=mm&#038;r=g\",\"contentUrl\":\"https:\\\/\\\/secure.gravatar.com\\\/avatar\\\/992ab61a4f476fcd7879f91440b8176df8eda9e81fd032904b2eb0ca3d0d2d4e?s=96&#038;d=mm&#038;r=g\",\"caption\":\"fabbricadellapasta\"},\"sameAs\":[\"https:\\\/\\\/www.lafabbricadellapastadigragnano.com\"],\"url\":\"https:\\\/\\\/www.lafabbricadellapastadigragnano.com\\\/de\\\/author\\\/fabbricadellapasta\\\/\"}]}<\/script>\n<!-- \/ Yoast SEO plugin. -->","yoast_head_json":{"title":"Intesa San Paolo premia a Napoli 10 pmi di eccellenza del Sud - La Fabbrica della Pasta di Gragnano","robots":{"index":"index","follow":"follow","max-snippet":"max-snippet:-1","max-image-preview":"max-image-preview:large","max-video-preview":"max-video-preview:-1"},"canonical":"https:\/\/www.lafabbricadellapastadigragnano.com\/de\/intesa-san-paolo-premia-a-napoli-10-pmi-di-eccellenza-del-sud\/","og_locale":"de_DE","og_type":"article","og_title":"Intesa San Paolo premia a Napoli 10 pmi di eccellenza del Sud - La Fabbrica della Pasta di Gragnano","og_description":"ANSA &#8211; 01.10.2024 &#8211;\u00a0 Su ANSA.it \u2013 Notizie Campania, si parla di eccellenza imprenditoriale nel Sud Italia. Tra le protagoniste [&hellip;]","og_url":"https:\/\/www.lafabbricadellapastadigragnano.com\/de\/intesa-san-paolo-premia-a-napoli-10-pmi-di-eccellenza-del-sud\/","og_site_name":"La Fabbrica della Pasta di Gragnano","article_publisher":"https:\/\/www.facebook.com\/LaFabbricaDellaPastaDiGragnano","article_published_time":"2024-10-01T09:03:32+00:00","article_modified_time":"2024-11-18T09:05:11+00:00","og_image":[{"width":1200,"height":800,"url":"https:\/\/www.lafabbricadellapastadigragnano.com\/wp-content\/uploads\/2024\/10\/intesa-san-paolo-fabbrica-della-pasta.jpg","type":"image\/jpeg"}],"author":"fabbricadellapasta","twitter_card":"summary_large_image","twitter_creator":"@fabbricapasta","twitter_site":"@fabbricapasta","twitter_misc":{"Verfasst von":"fabbricadellapasta"},"schema":{"@context":"https:\/\/schema.org","@graph":[{"@type":"Article","@id":"https:\/\/www.lafabbricadellapastadigragnano.com\/intesa-san-paolo-premia-a-napoli-10-pmi-di-eccellenza-del-sud\/#article","isPartOf":{"@id":"https:\/\/www.lafabbricadellapastadigragnano.com\/intesa-san-paolo-premia-a-napoli-10-pmi-di-eccellenza-del-sud\/"},"author":{"name":"fabbricadellapasta","@id":"https:\/\/www.lafabbricadellapastadigragnano.com\/#\/schema\/person\/5210ab7235fcdc2f920ba1d5572dcdcd"},"headline":"Intesa San Paolo premia a Napoli 10 pmi di eccellenza del Sud","datePublished":"2024-10-01T09:03:32+00:00","dateModified":"2024-11-18T09:05:11+00:00","mainEntityOfPage":{"@id":"https:\/\/www.lafabbricadellapastadigragnano.com\/intesa-san-paolo-premia-a-napoli-10-pmi-di-eccellenza-del-sud\/"},"wordCount":106,"publisher":{"@id":"https:\/\/www.lafabbricadellapastadigragnano.com\/#organization"},"image":{"@id":"https:\/\/www.lafabbricadellapastadigragnano.com\/intesa-san-paolo-premia-a-napoli-10-pmi-di-eccellenza-del-sud\/#primaryimage"},"thumbnailUrl":"https:\/\/www.lafabbricadellapastadigragnano.com\/wp-content\/uploads\/2024\/10\/intesa-san-paolo-fabbrica-della-pasta.jpg","articleSection":["News"],"inLanguage":"de"},{"@type":"WebPage","@id":"https:\/\/www.lafabbricadellapastadigragnano.com\/intesa-san-paolo-premia-a-napoli-10-pmi-di-eccellenza-del-sud\/","url":"https:\/\/www.lafabbricadellapastadigragnano.com\/intesa-san-paolo-premia-a-napoli-10-pmi-di-eccellenza-del-sud\/","name":"Intesa San Paolo premia a Napoli 10 pmi di eccellenza del Sud - La Fabbrica della Pasta di Gragnano","isPartOf":{"@id":"https:\/\/www.lafabbricadellapastadigragnano.com\/#website"},"primaryImageOfPage":{"@id":"https:\/\/www.lafabbricadellapastadigragnano.com\/intesa-san-paolo-premia-a-napoli-10-pmi-di-eccellenza-del-sud\/#primaryimage"},"image":{"@id":"https:\/\/www.lafabbricadellapastadigragnano.com\/intesa-san-paolo-premia-a-napoli-10-pmi-di-eccellenza-del-sud\/#primaryimage"},"thumbnailUrl":"https:\/\/www.lafabbricadellapastadigragnano.com\/wp-content\/uploads\/2024\/10\/intesa-san-paolo-fabbrica-della-pasta.jpg","datePublished":"2024-10-01T09:03:32+00:00","dateModified":"2024-11-18T09:05:11+00:00","breadcrumb":{"@id":"https:\/\/www.lafabbricadellapastadigragnano.com\/intesa-san-paolo-premia-a-napoli-10-pmi-di-eccellenza-del-sud\/#breadcrumb"},"inLanguage":"de","potentialAction":[{"@type":"ReadAction","target":["https:\/\/www.lafabbricadellapastadigragnano.com\/intesa-san-paolo-premia-a-napoli-10-pmi-di-eccellenza-del-sud\/"]}]},{"@type":"ImageObject","inLanguage":"de","@id":"https:\/\/www.lafabbricadellapastadigragnano.com\/intesa-san-paolo-premia-a-napoli-10-pmi-di-eccellenza-del-sud\/#primaryimage","url":"https:\/\/www.lafabbricadellapastadigragnano.com\/wp-content\/uploads\/2024\/10\/intesa-san-paolo-fabbrica-della-pasta.jpg","contentUrl":"https:\/\/www.lafabbricadellapastadigragnano.com\/wp-content\/uploads\/2024\/10\/intesa-san-paolo-fabbrica-della-pasta.jpg","width":1200,"height":800},{"@type":"BreadcrumbList","@id":"https:\/\/www.lafabbricadellapastadigragnano.com\/intesa-san-paolo-premia-a-napoli-10-pmi-di-eccellenza-del-sud\/#breadcrumb","itemListElement":[{"@type":"ListItem","position":1,"name":"Home","item":"https:\/\/www.lafabbricadellapastadigragnano.com\/"},{"@type":"ListItem","position":2,"name":"Intesa San Paolo premia a Napoli 10 pmi di eccellenza del Sud"}]},{"@type":"WebSite","@id":"https:\/\/www.lafabbricadellapastadigragnano.com\/#website","url":"https:\/\/www.lafabbricadellapastadigragnano.com\/","name":"La Fabbrica della Pasta di Gragnano","description":"Una pasta d&#039;eccellenza","publisher":{"@id":"https:\/\/www.lafabbricadellapastadigragnano.com\/#organization"},"alternateName":"La Fabbrica della Pasta","potentialAction":[{"@type":"SearchAction","target":{"@type":"EntryPoint","urlTemplate":"https:\/\/www.lafabbricadellapastadigragnano.com\/?s={search_term_string}"},"query-input":{"@type":"PropertyValueSpecification","valueRequired":true,"valueName":"search_term_string"}}],"inLanguage":"de"},{"@type":"Organization","@id":"https:\/\/www.lafabbricadellapastadigragnano.com\/#organization","name":"La Fabbrica della Pasta di Gragnano","alternateName":"La Fabbrica della Pasta","url":"https:\/\/www.lafabbricadellapastadigragnano.com\/","logo":{"@type":"ImageObject","inLanguage":"de","@id":"https:\/\/www.lafabbricadellapastadigragnano.com\/#\/schema\/logo\/image\/","url":"https:\/\/www.lafabbricadellapastadigragnano.com\/wp-content\/uploads\/2024\/10\/logo-ricetta-stampa.png","contentUrl":"https:\/\/www.lafabbricadellapastadigragnano.com\/wp-content\/uploads\/2024\/10\/logo-ricetta-stampa.png","width":300,"height":200,"caption":"La Fabbrica della Pasta di Gragnano"},"image":{"@id":"https:\/\/www.lafabbricadellapastadigragnano.com\/#\/schema\/logo\/image\/"},"sameAs":["https:\/\/www.facebook.com\/LaFabbricaDellaPastaDiGragnano","https:\/\/x.com\/fabbricapasta","https:\/\/www.instagram.com\/lafabbricadellapastadigragnano","https:\/\/www.linkedin.com\/company\/la-fabbrica-della-pasta-di-gragnano-s-r-l-\/","https:\/\/www.youtube.com\/channel\/UCnPf62PmylMP1JUIGVDf8OA","https:\/\/www.tiktok.com\/@fabbricadellapasta"]},{"@type":"Person","@id":"https:\/\/www.lafabbricadellapastadigragnano.com\/#\/schema\/person\/5210ab7235fcdc2f920ba1d5572dcdcd","name":"fabbricadellapasta","image":{"@type":"ImageObject","inLanguage":"de","@id":"https:\/\/secure.gravatar.com\/avatar\/992ab61a4f476fcd7879f91440b8176df8eda9e81fd032904b2eb0ca3d0d2d4e?s=96&#038;d=mm&#038;r=g","url":"https:\/\/secure.gravatar.com\/avatar\/992ab61a4f476fcd7879f91440b8176df8eda9e81fd032904b2eb0ca3d0d2d4e?s=96&#038;d=mm&#038;r=g","contentUrl":"https:\/\/secure.gravatar.com\/avatar\/992ab61a4f476fcd7879f91440b8176df8eda9e81fd032904b2eb0ca3d0d2d4e?s=96&#038;d=mm&#038;r=g","caption":"fabbricadellapasta"},"sameAs":["https:\/\/www.lafabbricadellapastadigragnano.com"],"url":"https:\/\/www.lafabbricadellapastadigragnano.com\/de\/author\/fabbricadellapasta\/"}]}},"_links":{"self":[{"href":"https:\/\/www.lafabbricadellapastadigragnano.com\/de\/wp-json\/wp\/v2\/posts\/3498","targetHints":{"allow":["GET"]}}],"collection":[{"href":"https:\/\/www.lafabbricadellapastadigragnano.com\/de\/wp-json\/wp\/v2\/posts"}],"about":[{"href":"https:\/\/www.lafabbricadellapastadigragnano.com\/de\/wp-json\/wp\/v2\/types\/post"}],"author":[{"embeddable":true,"href":"https:\/\/www.lafabbricadellapastadigragnano.com\/de\/wp-json\/wp\/v2\/users\/1"}],"replies":[{"embeddable":true,"href":"https:\/\/www.lafabbricadellapastadigragnano.com\/de\/wp-json\/wp\/v2\/comments?post=3498"}],"version-history":[{"count":2,"href":"https:\/\/www.lafabbricadellapastadigragnano.com\/de\/wp-json\/wp\/v2\/posts\/3498\/revisions"}],"predecessor-version":[{"id":3500,"href":"https:\/\/www.lafabbricadellapastadigragnano.com\/de\/wp-json\/wp\/v2\/posts\/3498\/revisions\/3500"}],"wp:featuredmedia":[{"embeddable":true,"href":"https:\/\/www.lafabbricadellapastadigragnano.com\/de\/wp-json\/wp\/v2\/media\/3501"}],"wp:attachment":[{"href":"https:\/\/www.lafabbricadellapastadigragnano.com\/de\/wp-json\/wp\/v2\/media?parent=3498"}],"wp:term":[{"taxonomy":"category","embeddable":true,"href":"https:\/\/www.lafabbricadellapastadigragnano.com\/de\/wp-json\/wp\/v2\/categories?post=3498"},{"taxonomy":"post_tag","embeddable":true,"href":"https:\/\/www.lafabbricadellapastadigragnano.com\/de\/wp-json\/wp\/v2\/tags?post=3498"}],"curies":[{"name":"wp","href":"https:\/\/api.w.org\/{rel}","templated":true}]}}