{"id":3480,"date":"2021-08-24T13:54:32","date_gmt":"2021-08-24T13:54:32","guid":{"rendered":"https:\/\/www.lafabbricadellapastadigragnano.com\/?p=3480"},"modified":"2024-11-15T13:55:06","modified_gmt":"2024-11-15T13:55:06","slug":"cibus-500-nuovi-prodotti-guidano-export-e-crescita","status":"publish","type":"post","link":"https:\/\/www.lafabbricadellapastadigragnano.com\/pt\/cibus-500-nuovi-prodotti-guidano-export-e-crescita\/","title":{"rendered":"Cibus: 500 novos produtos para exporta\u00e7\u00e3o e crescimento"},"content":{"rendered":"<p class=\"wp-block-paragraph\">A ANSA - Terra &amp; Gusto destaca a edi\u00e7\u00e3o 2021 da Cibus, feira internacional de alimenta\u00e7\u00e3o em Parma. O melhor da inova\u00e7\u00e3o e tradi\u00e7\u00e3o italiana ser\u00e1 apresentado com mais de 500 novos produtos. Entre os expositores, destaca-se a La Fabbrica della Pasta di Gragnano, com a sua Caccavella monodose para rechear, s\u00edmbolo de excel\u00eancia e da busca cont\u00ednua por oportunidades criativas no mercado global.<\/p>\n\n\n\n<div style=\"height:20px\" aria-hidden=\"true\" class=\"wp-block-spacer\"><\/div>\n\n\n\n<div class=\"wp-block-buttons is-layout-flex wp-block-buttons-is-layout-flex\">\n<div class=\"wp-block-button is-style-fill\"><a class=\"wp-block-button__link wp-element-button\" href=\"https:\/\/www.ansa.it\/canale_terraegusto\/notizie\/cibus\/2021\/08\/24\/cibus-500-nuovi-prodotti-guidano-export-e-crescita_15a37de1-caac-4f1d-9be1-4f5de5192075.html\" target=\"_blank\" rel=\"noreferrer noopener nofollow\">Leia o artigo completo<\/a><\/div>\n<\/div>\n\n\n\n<p class=\"wp-block-paragraph\"><\/p>","protected":false},"excerpt":{"rendered":"<p>Su ANSA \u2013 Terra &amp; Gusto, il focus \u00e8 sull\u2019edizione di Cibus, il Salone Internazionale dell\u2019Alimentazione di Parma 2021. Oltre [&hellip;]<\/p>\n","protected":false},"author":1,"featured_media":3401,"comment_status":"closed","ping_status":"closed","sticky":false,"template":"","format":"standard","meta":{"footnotes":""},"categories":[1],"tags":[],"class_list":["post-3480","post","type-post","status-publish","format-standard","has-post-thumbnail","hentry","category-news"],"yoast_head":"<!-- This site is optimized with the Yoast SEO plugin v28.4 - https:\/\/yoast.com\/product\/yoast-seo-wordpress\/ -->\n<title>Cibus, 500 nuovi prodotti guidano export e crescita - La Fabbrica della Pasta di Gragnano<\/title>\n<meta name=\"robots\" content=\"index, follow, max-snippet:-1, max-image-preview:large, max-video-preview:-1\" \/>\n<link rel=\"canonical\" href=\"https:\/\/www.lafabbricadellapastadigragnano.com\/pt\/cibus-500-nuovi-prodotti-guidano-export-e-crescita\/\" \/>\n<meta property=\"og:locale\" content=\"pt_PT\" \/>\n<meta property=\"og:type\" content=\"article\" \/>\n<meta property=\"og:title\" content=\"Cibus, 500 nuovi prodotti guidano export e crescita - La Fabbrica della Pasta di Gragnano\" \/>\n<meta property=\"og:description\" content=\"Su ANSA \u2013 Terra &amp; Gusto, il focus \u00e8 sull\u2019edizione di Cibus, il Salone Internazionale dell\u2019Alimentazione di Parma 2021. Oltre [&hellip;]\" \/>\n<meta property=\"og:url\" content=\"https:\/\/www.lafabbricadellapastadigragnano.com\/pt\/cibus-500-nuovi-prodotti-guidano-export-e-crescita\/\" \/>\n<meta property=\"og:site_name\" content=\"La Fabbrica della Pasta di Gragnano\" \/>\n<meta property=\"article:publisher\" content=\"https:\/\/www.facebook.com\/LaFabbricaDellaPastaDiGragnano\" \/>\n<meta property=\"article:published_time\" content=\"2021-08-24T13:54:32+00:00\" \/>\n<meta property=\"article:modified_time\" content=\"2024-11-15T13:55:06+00:00\" \/>\n<meta property=\"og:image\" content=\"https:\/\/www.lafabbricadellapastadigragnano.com\/wp-content\/uploads\/2024\/01\/tra-gusto-e-lusso-caccavella.jpg\" \/>\n\t<meta property=\"og:image:width\" content=\"768\" \/>\n\t<meta property=\"og:image:height\" content=\"400\" \/>\n\t<meta property=\"og:image:type\" content=\"image\/jpeg\" \/>\n<meta name=\"author\" content=\"fabbricadellapasta\" \/>\n<meta name=\"twitter:card\" content=\"summary_large_image\" \/>\n<meta name=\"twitter:creator\" content=\"@fabbricapasta\" \/>\n<meta name=\"twitter:site\" content=\"@fabbricapasta\" \/>\n<meta name=\"twitter:label1\" content=\"Escrito por\" \/>\n\t<meta name=\"twitter:data1\" content=\"fabbricadellapasta\" \/>\n<script type=\"application\/ld+json\" class=\"yoast-schema-graph\">{\"@context\":\"https:\\\/\\\/schema.org\",\"@graph\":[{\"@type\":\"Article\",\"@id\":\"https:\\\/\\\/www.lafabbricadellapastadigragnano.com\\\/cibus-500-nuovi-prodotti-guidano-export-e-crescita\\\/#article\",\"isPartOf\":{\"@id\":\"https:\\\/\\\/www.lafabbricadellapastadigragnano.com\\\/cibus-500-nuovi-prodotti-guidano-export-e-crescita\\\/\"},\"author\":{\"name\":\"fabbricadellapasta\",\"@id\":\"https:\\\/\\\/www.lafabbricadellapastadigragnano.com\\\/#\\\/schema\\\/person\\\/5210ab7235fcdc2f920ba1d5572dcdcd\"},\"headline\":\"Cibus, 500 nuovi prodotti guidano export e crescita\",\"datePublished\":\"2021-08-24T13:54:32+00:00\",\"dateModified\":\"2024-11-15T13:55:06+00:00\",\"mainEntityOfPage\":{\"@id\":\"https:\\\/\\\/www.lafabbricadellapastadigragnano.com\\\/cibus-500-nuovi-prodotti-guidano-export-e-crescita\\\/\"},\"wordCount\":69,\"publisher\":{\"@id\":\"https:\\\/\\\/www.lafabbricadellapastadigragnano.com\\\/#organization\"},\"image\":{\"@id\":\"https:\\\/\\\/www.lafabbricadellapastadigragnano.com\\\/cibus-500-nuovi-prodotti-guidano-export-e-crescita\\\/#primaryimage\"},\"thumbnailUrl\":\"https:\\\/\\\/www.lafabbricadellapastadigragnano.com\\\/wp-content\\\/uploads\\\/2024\\\/01\\\/tra-gusto-e-lusso-caccavella.jpg\",\"articleSection\":[\"News\"],\"inLanguage\":\"pt-PT\"},{\"@type\":\"WebPage\",\"@id\":\"https:\\\/\\\/www.lafabbricadellapastadigragnano.com\\\/cibus-500-nuovi-prodotti-guidano-export-e-crescita\\\/\",\"url\":\"https:\\\/\\\/www.lafabbricadellapastadigragnano.com\\\/cibus-500-nuovi-prodotti-guidano-export-e-crescita\\\/\",\"name\":\"Cibus, 500 nuovi prodotti guidano export e crescita - La Fabbrica della Pasta di Gragnano\",\"isPartOf\":{\"@id\":\"https:\\\/\\\/www.lafabbricadellapastadigragnano.com\\\/#website\"},\"primaryImageOfPage\":{\"@id\":\"https:\\\/\\\/www.lafabbricadellapastadigragnano.com\\\/cibus-500-nuovi-prodotti-guidano-export-e-crescita\\\/#primaryimage\"},\"image\":{\"@id\":\"https:\\\/\\\/www.lafabbricadellapastadigragnano.com\\\/cibus-500-nuovi-prodotti-guidano-export-e-crescita\\\/#primaryimage\"},\"thumbnailUrl\":\"https:\\\/\\\/www.lafabbricadellapastadigragnano.com\\\/wp-content\\\/uploads\\\/2024\\\/01\\\/tra-gusto-e-lusso-caccavella.jpg\",\"datePublished\":\"2021-08-24T13:54:32+00:00\",\"dateModified\":\"2024-11-15T13:55:06+00:00\",\"breadcrumb\":{\"@id\":\"https:\\\/\\\/www.lafabbricadellapastadigragnano.com\\\/cibus-500-nuovi-prodotti-guidano-export-e-crescita\\\/#breadcrumb\"},\"inLanguage\":\"pt-PT\",\"potentialAction\":[{\"@type\":\"ReadAction\",\"target\":[\"https:\\\/\\\/www.lafabbricadellapastadigragnano.com\\\/cibus-500-nuovi-prodotti-guidano-export-e-crescita\\\/\"]}]},{\"@type\":\"ImageObject\",\"inLanguage\":\"pt-PT\",\"@id\":\"https:\\\/\\\/www.lafabbricadellapastadigragnano.com\\\/cibus-500-nuovi-prodotti-guidano-export-e-crescita\\\/#primaryimage\",\"url\":\"https:\\\/\\\/www.lafabbricadellapastadigragnano.com\\\/wp-content\\\/uploads\\\/2024\\\/01\\\/tra-gusto-e-lusso-caccavella.jpg\",\"contentUrl\":\"https:\\\/\\\/www.lafabbricadellapastadigragnano.com\\\/wp-content\\\/uploads\\\/2024\\\/01\\\/tra-gusto-e-lusso-caccavella.jpg\",\"width\":768,\"height\":400},{\"@type\":\"BreadcrumbList\",\"@id\":\"https:\\\/\\\/www.lafabbricadellapastadigragnano.com\\\/cibus-500-nuovi-prodotti-guidano-export-e-crescita\\\/#breadcrumb\",\"itemListElement\":[{\"@type\":\"ListItem\",\"position\":1,\"name\":\"Home\",\"item\":\"https:\\\/\\\/www.lafabbricadellapastadigragnano.com\\\/\"},{\"@type\":\"ListItem\",\"position\":2,\"name\":\"Cibus, 500 nuovi prodotti guidano export e crescita\"}]},{\"@type\":\"WebSite\",\"@id\":\"https:\\\/\\\/www.lafabbricadellapastadigragnano.com\\\/#website\",\"url\":\"https:\\\/\\\/www.lafabbricadellapastadigragnano.com\\\/\",\"name\":\"La Fabbrica della Pasta di Gragnano\",\"description\":\"Una pasta d&#039;eccellenza\",\"publisher\":{\"@id\":\"https:\\\/\\\/www.lafabbricadellapastadigragnano.com\\\/#organization\"},\"alternateName\":\"La Fabbrica della Pasta\",\"potentialAction\":[{\"@type\":\"SearchAction\",\"target\":{\"@type\":\"EntryPoint\",\"urlTemplate\":\"https:\\\/\\\/www.lafabbricadellapastadigragnano.com\\\/?s={search_term_string}\"},\"query-input\":{\"@type\":\"PropertyValueSpecification\",\"valueRequired\":true,\"valueName\":\"search_term_string\"}}],\"inLanguage\":\"pt-PT\"},{\"@type\":\"Organization\",\"@id\":\"https:\\\/\\\/www.lafabbricadellapastadigragnano.com\\\/#organization\",\"name\":\"La Fabbrica della Pasta di Gragnano\",\"alternateName\":\"La Fabbrica della Pasta\",\"url\":\"https:\\\/\\\/www.lafabbricadellapastadigragnano.com\\\/\",\"logo\":{\"@type\":\"ImageObject\",\"inLanguage\":\"pt-PT\",\"@id\":\"https:\\\/\\\/www.lafabbricadellapastadigragnano.com\\\/#\\\/schema\\\/logo\\\/image\\\/\",\"url\":\"https:\\\/\\\/www.lafabbricadellapastadigragnano.com\\\/wp-content\\\/uploads\\\/2024\\\/10\\\/logo-ricetta-stampa.png\",\"contentUrl\":\"https:\\\/\\\/www.lafabbricadellapastadigragnano.com\\\/wp-content\\\/uploads\\\/2024\\\/10\\\/logo-ricetta-stampa.png\",\"width\":300,\"height\":200,\"caption\":\"La Fabbrica della Pasta di Gragnano\"},\"image\":{\"@id\":\"https:\\\/\\\/www.lafabbricadellapastadigragnano.com\\\/#\\\/schema\\\/logo\\\/image\\\/\"},\"sameAs\":[\"https:\\\/\\\/www.facebook.com\\\/LaFabbricaDellaPastaDiGragnano\",\"https:\\\/\\\/x.com\\\/fabbricapasta\",\"https:\\\/\\\/www.instagram.com\\\/lafabbricadellapastadigragnano\",\"https:\\\/\\\/www.linkedin.com\\\/company\\\/la-fabbrica-della-pasta-di-gragnano-s-r-l-\\\/\",\"https:\\\/\\\/www.youtube.com\\\/channel\\\/UCnPf62PmylMP1JUIGVDf8OA\",\"https:\\\/\\\/www.tiktok.com\\\/@fabbricadellapasta\"]},{\"@type\":\"Person\",\"@id\":\"https:\\\/\\\/www.lafabbricadellapastadigragnano.com\\\/#\\\/schema\\\/person\\\/5210ab7235fcdc2f920ba1d5572dcdcd\",\"name\":\"fabbricadellapasta\",\"image\":{\"@type\":\"ImageObject\",\"inLanguage\":\"pt-PT\",\"@id\":\"https:\\\/\\\/secure.gravatar.com\\\/avatar\\\/992ab61a4f476fcd7879f91440b8176df8eda9e81fd032904b2eb0ca3d0d2d4e?s=96&#038;d=mm&#038;r=g\",\"url\":\"https:\\\/\\\/secure.gravatar.com\\\/avatar\\\/992ab61a4f476fcd7879f91440b8176df8eda9e81fd032904b2eb0ca3d0d2d4e?s=96&#038;d=mm&#038;r=g\",\"contentUrl\":\"https:\\\/\\\/secure.gravatar.com\\\/avatar\\\/992ab61a4f476fcd7879f91440b8176df8eda9e81fd032904b2eb0ca3d0d2d4e?s=96&#038;d=mm&#038;r=g\",\"caption\":\"fabbricadellapasta\"},\"sameAs\":[\"https:\\\/\\\/www.lafabbricadellapastadigragnano.com\"],\"url\":\"https:\\\/\\\/www.lafabbricadellapastadigragnano.com\\\/pt\\\/author\\\/fabbricadellapasta\\\/\"}]}<\/script>\n<!-- \/ Yoast SEO plugin. -->","yoast_head_json":{"title":"Cibus, 500 nuovi prodotti guidano export e crescita - La Fabbrica della Pasta di Gragnano","robots":{"index":"index","follow":"follow","max-snippet":"max-snippet:-1","max-image-preview":"max-image-preview:large","max-video-preview":"max-video-preview:-1"},"canonical":"https:\/\/www.lafabbricadellapastadigragnano.com\/pt\/cibus-500-nuovi-prodotti-guidano-export-e-crescita\/","og_locale":"pt_PT","og_type":"article","og_title":"Cibus, 500 nuovi prodotti guidano export e crescita - La Fabbrica della Pasta di Gragnano","og_description":"Su ANSA \u2013 Terra &amp; Gusto, il focus \u00e8 sull\u2019edizione di Cibus, il Salone Internazionale dell\u2019Alimentazione di Parma 2021. Oltre [&hellip;]","og_url":"https:\/\/www.lafabbricadellapastadigragnano.com\/pt\/cibus-500-nuovi-prodotti-guidano-export-e-crescita\/","og_site_name":"La Fabbrica della Pasta di Gragnano","article_publisher":"https:\/\/www.facebook.com\/LaFabbricaDellaPastaDiGragnano","article_published_time":"2021-08-24T13:54:32+00:00","article_modified_time":"2024-11-15T13:55:06+00:00","og_image":[{"width":768,"height":400,"url":"https:\/\/www.lafabbricadellapastadigragnano.com\/wp-content\/uploads\/2024\/01\/tra-gusto-e-lusso-caccavella.jpg","type":"image\/jpeg"}],"author":"fabbricadellapasta","twitter_card":"summary_large_image","twitter_creator":"@fabbricapasta","twitter_site":"@fabbricapasta","twitter_misc":{"Escrito por":"fabbricadellapasta"},"schema":{"@context":"https:\/\/schema.org","@graph":[{"@type":"Article","@id":"https:\/\/www.lafabbricadellapastadigragnano.com\/cibus-500-nuovi-prodotti-guidano-export-e-crescita\/#article","isPartOf":{"@id":"https:\/\/www.lafabbricadellapastadigragnano.com\/cibus-500-nuovi-prodotti-guidano-export-e-crescita\/"},"author":{"name":"fabbricadellapasta","@id":"https:\/\/www.lafabbricadellapastadigragnano.com\/#\/schema\/person\/5210ab7235fcdc2f920ba1d5572dcdcd"},"headline":"Cibus, 500 nuovi prodotti guidano export e crescita","datePublished":"2021-08-24T13:54:32+00:00","dateModified":"2024-11-15T13:55:06+00:00","mainEntityOfPage":{"@id":"https:\/\/www.lafabbricadellapastadigragnano.com\/cibus-500-nuovi-prodotti-guidano-export-e-crescita\/"},"wordCount":69,"publisher":{"@id":"https:\/\/www.lafabbricadellapastadigragnano.com\/#organization"},"image":{"@id":"https:\/\/www.lafabbricadellapastadigragnano.com\/cibus-500-nuovi-prodotti-guidano-export-e-crescita\/#primaryimage"},"thumbnailUrl":"https:\/\/www.lafabbricadellapastadigragnano.com\/wp-content\/uploads\/2024\/01\/tra-gusto-e-lusso-caccavella.jpg","articleSection":["News"],"inLanguage":"pt-PT"},{"@type":"WebPage","@id":"https:\/\/www.lafabbricadellapastadigragnano.com\/cibus-500-nuovi-prodotti-guidano-export-e-crescita\/","url":"https:\/\/www.lafabbricadellapastadigragnano.com\/cibus-500-nuovi-prodotti-guidano-export-e-crescita\/","name":"Cibus, 500 nuovi prodotti guidano export e crescita - La Fabbrica della Pasta di Gragnano","isPartOf":{"@id":"https:\/\/www.lafabbricadellapastadigragnano.com\/#website"},"primaryImageOfPage":{"@id":"https:\/\/www.lafabbricadellapastadigragnano.com\/cibus-500-nuovi-prodotti-guidano-export-e-crescita\/#primaryimage"},"image":{"@id":"https:\/\/www.lafabbricadellapastadigragnano.com\/cibus-500-nuovi-prodotti-guidano-export-e-crescita\/#primaryimage"},"thumbnailUrl":"https:\/\/www.lafabbricadellapastadigragnano.com\/wp-content\/uploads\/2024\/01\/tra-gusto-e-lusso-caccavella.jpg","datePublished":"2021-08-24T13:54:32+00:00","dateModified":"2024-11-15T13:55:06+00:00","breadcrumb":{"@id":"https:\/\/www.lafabbricadellapastadigragnano.com\/cibus-500-nuovi-prodotti-guidano-export-e-crescita\/#breadcrumb"},"inLanguage":"pt-PT","potentialAction":[{"@type":"ReadAction","target":["https:\/\/www.lafabbricadellapastadigragnano.com\/cibus-500-nuovi-prodotti-guidano-export-e-crescita\/"]}]},{"@type":"ImageObject","inLanguage":"pt-PT","@id":"https:\/\/www.lafabbricadellapastadigragnano.com\/cibus-500-nuovi-prodotti-guidano-export-e-crescita\/#primaryimage","url":"https:\/\/www.lafabbricadellapastadigragnano.com\/wp-content\/uploads\/2024\/01\/tra-gusto-e-lusso-caccavella.jpg","contentUrl":"https:\/\/www.lafabbricadellapastadigragnano.com\/wp-content\/uploads\/2024\/01\/tra-gusto-e-lusso-caccavella.jpg","width":768,"height":400},{"@type":"BreadcrumbList","@id":"https:\/\/www.lafabbricadellapastadigragnano.com\/cibus-500-nuovi-prodotti-guidano-export-e-crescita\/#breadcrumb","itemListElement":[{"@type":"ListItem","position":1,"name":"Home","item":"https:\/\/www.lafabbricadellapastadigragnano.com\/"},{"@type":"ListItem","position":2,"name":"Cibus, 500 nuovi prodotti guidano export e crescita"}]},{"@type":"WebSite","@id":"https:\/\/www.lafabbricadellapastadigragnano.com\/#website","url":"https:\/\/www.lafabbricadellapastadigragnano.com\/","name":"La Fabbrica della Pasta di Gragnano","description":"Una pasta d&#039;eccellenza","publisher":{"@id":"https:\/\/www.lafabbricadellapastadigragnano.com\/#organization"},"alternateName":"La Fabbrica della Pasta","potentialAction":[{"@type":"SearchAction","target":{"@type":"EntryPoint","urlTemplate":"https:\/\/www.lafabbricadellapastadigragnano.com\/?s={search_term_string}"},"query-input":{"@type":"PropertyValueSpecification","valueRequired":true,"valueName":"search_term_string"}}],"inLanguage":"pt-PT"},{"@type":"Organization","@id":"https:\/\/www.lafabbricadellapastadigragnano.com\/#organization","name":"La Fabbrica della Pasta di Gragnano","alternateName":"La Fabbrica della Pasta","url":"https:\/\/www.lafabbricadellapastadigragnano.com\/","logo":{"@type":"ImageObject","inLanguage":"pt-PT","@id":"https:\/\/www.lafabbricadellapastadigragnano.com\/#\/schema\/logo\/image\/","url":"https:\/\/www.lafabbricadellapastadigragnano.com\/wp-content\/uploads\/2024\/10\/logo-ricetta-stampa.png","contentUrl":"https:\/\/www.lafabbricadellapastadigragnano.com\/wp-content\/uploads\/2024\/10\/logo-ricetta-stampa.png","width":300,"height":200,"caption":"La Fabbrica della Pasta di Gragnano"},"image":{"@id":"https:\/\/www.lafabbricadellapastadigragnano.com\/#\/schema\/logo\/image\/"},"sameAs":["https:\/\/www.facebook.com\/LaFabbricaDellaPastaDiGragnano","https:\/\/x.com\/fabbricapasta","https:\/\/www.instagram.com\/lafabbricadellapastadigragnano","https:\/\/www.linkedin.com\/company\/la-fabbrica-della-pasta-di-gragnano-s-r-l-\/","https:\/\/www.youtube.com\/channel\/UCnPf62PmylMP1JUIGVDf8OA","https:\/\/www.tiktok.com\/@fabbricadellapasta"]},{"@type":"Person","@id":"https:\/\/www.lafabbricadellapastadigragnano.com\/#\/schema\/person\/5210ab7235fcdc2f920ba1d5572dcdcd","name":"fabbricadellapasta","image":{"@type":"ImageObject","inLanguage":"pt-PT","@id":"https:\/\/secure.gravatar.com\/avatar\/992ab61a4f476fcd7879f91440b8176df8eda9e81fd032904b2eb0ca3d0d2d4e?s=96&#038;d=mm&#038;r=g","url":"https:\/\/secure.gravatar.com\/avatar\/992ab61a4f476fcd7879f91440b8176df8eda9e81fd032904b2eb0ca3d0d2d4e?s=96&#038;d=mm&#038;r=g","contentUrl":"https:\/\/secure.gravatar.com\/avatar\/992ab61a4f476fcd7879f91440b8176df8eda9e81fd032904b2eb0ca3d0d2d4e?s=96&#038;d=mm&#038;r=g","caption":"fabbricadellapasta"},"sameAs":["https:\/\/www.lafabbricadellapastadigragnano.com"],"url":"https:\/\/www.lafabbricadellapastadigragnano.com\/pt\/author\/fabbricadellapasta\/"}]}},"_links":{"self":[{"href":"https:\/\/www.lafabbricadellapastadigragnano.com\/pt\/wp-json\/wp\/v2\/posts\/3480","targetHints":{"allow":["GET"]}}],"collection":[{"href":"https:\/\/www.lafabbricadellapastadigragnano.com\/pt\/wp-json\/wp\/v2\/posts"}],"about":[{"href":"https:\/\/www.lafabbricadellapastadigragnano.com\/pt\/wp-json\/wp\/v2\/types\/post"}],"author":[{"embeddable":true,"href":"https:\/\/www.lafabbricadellapastadigragnano.com\/pt\/wp-json\/wp\/v2\/users\/1"}],"replies":[{"embeddable":true,"href":"https:\/\/www.lafabbricadellapastadigragnano.com\/pt\/wp-json\/wp\/v2\/comments?post=3480"}],"version-history":[{"count":2,"href":"https:\/\/www.lafabbricadellapastadigragnano.com\/pt\/wp-json\/wp\/v2\/posts\/3480\/revisions"}],"predecessor-version":[{"id":3482,"href":"https:\/\/www.lafabbricadellapastadigragnano.com\/pt\/wp-json\/wp\/v2\/posts\/3480\/revisions\/3482"}],"wp:featuredmedia":[{"embeddable":true,"href":"https:\/\/www.lafabbricadellapastadigragnano.com\/pt\/wp-json\/wp\/v2\/media\/3401"}],"wp:attachment":[{"href":"https:\/\/www.lafabbricadellapastadigragnano.com\/pt\/wp-json\/wp\/v2\/media?parent=3480"}],"wp:term":[{"taxonomy":"category","embeddable":true,"href":"https:\/\/www.lafabbricadellapastadigragnano.com\/pt\/wp-json\/wp\/v2\/categories?post=3480"},{"taxonomy":"post_tag","embeddable":true,"href":"https:\/\/www.lafabbricadellapastadigragnano.com\/pt\/wp-json\/wp\/v2\/tags?post=3480"}],"curies":[{"name":"wp","href":"https:\/\/api.w.org\/{rel}","templated":true}]}}