{"id":3495,"date":"2024-05-06T08:59:51","date_gmt":"2024-05-06T08:59:51","guid":{"rendered":"https:\/\/www.lafabbricadellapastadigragnano.com\/?p=3495"},"modified":"2024-11-18T09:01:35","modified_gmt":"2024-11-18T09:01:35","slug":"premio-internazionale-bronzi-di-riace","status":"publish","type":"post","link":"https:\/\/www.lafabbricadellapastadigragnano.com\/pt\/premio-internazionale-bronzi-di-riace\/","title":{"rendered":"Pr\u00e9mio Internacional \u201cBronzi di Riace\u201d"},"content":{"rendered":"<p class=\"wp-block-paragraph translation-block\">Na sua 23.\u00aa edi\u00e7\u00e3o, o Pr\u00e9mio Internacional \u201cBronzi di Riace\u201d homenageou Gianni Lepre e incluiu La Fabbrica della Pasta di Gragnano entre os premiados. A empresa foi reconhecida na categoria Hermes (Com\u00e9rcio e Economia), celebrando a excel\u00eancia italiana e a combina\u00e7\u00e3o entre tradi\u00e7\u00e3o e inova\u00e7\u00e3o representada pela fam\u00edlia Moccia.<\/p>\n\n\n\n<div style=\"height:20px\" aria-hidden=\"true\" class=\"wp-block-spacer\"><\/div>\n\n\n\n<div class=\"wp-block-buttons is-layout-flex wp-block-buttons-is-layout-flex\">\n<div class=\"wp-block-button is-style-fill\"><a class=\"wp-block-button__link wp-element-button\" href=\"https:\/\/www.ilroma.net\/news\/curiosita-type\/394017\/premio-internazionale-bronzi-di-riace-riconoscimento-per-gianni-lepre.html\" target=\"_blank\" rel=\"noreferrer noopener nofollow\">Leia o artigo completo<\/a><\/div>\n<\/div>\n\n\n\n<p class=\"wp-block-paragraph\"><\/p>","protected":false},"excerpt":{"rendered":"<p>Premio internazionale &#8220;Bronzi di Riace&#8221;: riconoscimento per Gianni Lepre Il Premio Internazionale &#8220;Bronzi di Riace&#8221;, alla sua XXIII edizione, ha [&hellip;]<\/p>\n","protected":false},"author":1,"featured_media":817,"comment_status":"closed","ping_status":"closed","sticky":false,"template":"","format":"standard","meta":{"footnotes":""},"categories":[1],"tags":[],"class_list":["post-3495","post","type-post","status-publish","format-standard","has-post-thumbnail","hentry","category-news"],"yoast_head":"<!-- This site is optimized with the Yoast SEO plugin v28.4 - https:\/\/yoast.com\/product\/yoast-seo-wordpress\/ -->\n<title>Premio internazionale &quot;Bronzi di Riace&quot; - La Fabbrica della Pasta di Gragnano<\/title>\n<meta name=\"robots\" content=\"index, follow, max-snippet:-1, max-image-preview:large, max-video-preview:-1\" \/>\n<link rel=\"canonical\" href=\"https:\/\/www.lafabbricadellapastadigragnano.com\/pt\/premio-internazionale-bronzi-di-riace\/\" \/>\n<meta property=\"og:locale\" content=\"pt_PT\" \/>\n<meta property=\"og:type\" content=\"article\" \/>\n<meta property=\"og:title\" content=\"Premio internazionale &quot;Bronzi di Riace&quot; - La Fabbrica della Pasta di Gragnano\" \/>\n<meta property=\"og:description\" content=\"Premio internazionale &#8220;Bronzi di Riace&#8221;: riconoscimento per Gianni Lepre Il Premio Internazionale &#8220;Bronzi di Riace&#8221;, alla sua XXIII edizione, ha [&hellip;]\" \/>\n<meta property=\"og:url\" content=\"https:\/\/www.lafabbricadellapastadigragnano.com\/pt\/premio-internazionale-bronzi-di-riace\/\" \/>\n<meta property=\"og:site_name\" content=\"La Fabbrica della Pasta di Gragnano\" \/>\n<meta property=\"article:publisher\" content=\"https:\/\/www.facebook.com\/LaFabbricaDellaPastaDiGragnano\" \/>\n<meta property=\"article:published_time\" content=\"2024-05-06T08:59:51+00:00\" \/>\n<meta property=\"article:modified_time\" content=\"2024-11-18T09:01:35+00:00\" \/>\n<meta property=\"og:image\" content=\"https:\/\/www.lafabbricadellapastadigragnano.com\/wp-content\/uploads\/2024\/08\/monitoraggio-e-controlli-rigorosi.jpg\" \/>\n\t<meta property=\"og:image:width\" content=\"1200\" \/>\n\t<meta property=\"og:image:height\" content=\"800\" \/>\n\t<meta property=\"og:image:type\" content=\"image\/jpeg\" \/>\n<meta name=\"author\" content=\"fabbricadellapasta\" \/>\n<meta name=\"twitter:card\" content=\"summary_large_image\" \/>\n<meta name=\"twitter:creator\" content=\"@fabbricapasta\" \/>\n<meta name=\"twitter:site\" content=\"@fabbricapasta\" \/>\n<meta name=\"twitter:label1\" content=\"Escrito por\" \/>\n\t<meta name=\"twitter:data1\" content=\"fabbricadellapasta\" \/>\n<script type=\"application\/ld+json\" class=\"yoast-schema-graph\">{\"@context\":\"https:\\\/\\\/schema.org\",\"@graph\":[{\"@type\":\"Article\",\"@id\":\"https:\\\/\\\/www.lafabbricadellapastadigragnano.com\\\/premio-internazionale-bronzi-di-riace\\\/#article\",\"isPartOf\":{\"@id\":\"https:\\\/\\\/www.lafabbricadellapastadigragnano.com\\\/premio-internazionale-bronzi-di-riace\\\/\"},\"author\":{\"name\":\"fabbricadellapasta\",\"@id\":\"https:\\\/\\\/www.lafabbricadellapastadigragnano.com\\\/#\\\/schema\\\/person\\\/5210ab7235fcdc2f920ba1d5572dcdcd\"},\"headline\":\"Premio internazionale &#8220;Bronzi di Riace&#8221;\",\"datePublished\":\"2024-05-06T08:59:51+00:00\",\"dateModified\":\"2024-11-18T09:01:35+00:00\",\"mainEntityOfPage\":{\"@id\":\"https:\\\/\\\/www.lafabbricadellapastadigragnano.com\\\/premio-internazionale-bronzi-di-riace\\\/\"},\"wordCount\":64,\"publisher\":{\"@id\":\"https:\\\/\\\/www.lafabbricadellapastadigragnano.com\\\/#organization\"},\"image\":{\"@id\":\"https:\\\/\\\/www.lafabbricadellapastadigragnano.com\\\/premio-internazionale-bronzi-di-riace\\\/#primaryimage\"},\"thumbnailUrl\":\"https:\\\/\\\/www.lafabbricadellapastadigragnano.com\\\/wp-content\\\/uploads\\\/2024\\\/08\\\/monitoraggio-e-controlli-rigorosi.jpg\",\"articleSection\":[\"News\"],\"inLanguage\":\"pt-PT\"},{\"@type\":\"WebPage\",\"@id\":\"https:\\\/\\\/www.lafabbricadellapastadigragnano.com\\\/premio-internazionale-bronzi-di-riace\\\/\",\"url\":\"https:\\\/\\\/www.lafabbricadellapastadigragnano.com\\\/premio-internazionale-bronzi-di-riace\\\/\",\"name\":\"Premio internazionale \\\"Bronzi di Riace\\\" - La Fabbrica della Pasta di Gragnano\",\"isPartOf\":{\"@id\":\"https:\\\/\\\/www.lafabbricadellapastadigragnano.com\\\/#website\"},\"primaryImageOfPage\":{\"@id\":\"https:\\\/\\\/www.lafabbricadellapastadigragnano.com\\\/premio-internazionale-bronzi-di-riace\\\/#primaryimage\"},\"image\":{\"@id\":\"https:\\\/\\\/www.lafabbricadellapastadigragnano.com\\\/premio-internazionale-bronzi-di-riace\\\/#primaryimage\"},\"thumbnailUrl\":\"https:\\\/\\\/www.lafabbricadellapastadigragnano.com\\\/wp-content\\\/uploads\\\/2024\\\/08\\\/monitoraggio-e-controlli-rigorosi.jpg\",\"datePublished\":\"2024-05-06T08:59:51+00:00\",\"dateModified\":\"2024-11-18T09:01:35+00:00\",\"breadcrumb\":{\"@id\":\"https:\\\/\\\/www.lafabbricadellapastadigragnano.com\\\/premio-internazionale-bronzi-di-riace\\\/#breadcrumb\"},\"inLanguage\":\"pt-PT\",\"potentialAction\":[{\"@type\":\"ReadAction\",\"target\":[\"https:\\\/\\\/www.lafabbricadellapastadigragnano.com\\\/premio-internazionale-bronzi-di-riace\\\/\"]}]},{\"@type\":\"ImageObject\",\"inLanguage\":\"pt-PT\",\"@id\":\"https:\\\/\\\/www.lafabbricadellapastadigragnano.com\\\/premio-internazionale-bronzi-di-riace\\\/#primaryimage\",\"url\":\"https:\\\/\\\/www.lafabbricadellapastadigragnano.com\\\/wp-content\\\/uploads\\\/2024\\\/08\\\/monitoraggio-e-controlli-rigorosi.jpg\",\"contentUrl\":\"https:\\\/\\\/www.lafabbricadellapastadigragnano.com\\\/wp-content\\\/uploads\\\/2024\\\/08\\\/monitoraggio-e-controlli-rigorosi.jpg\",\"width\":1200,\"height\":800},{\"@type\":\"BreadcrumbList\",\"@id\":\"https:\\\/\\\/www.lafabbricadellapastadigragnano.com\\\/premio-internazionale-bronzi-di-riace\\\/#breadcrumb\",\"itemListElement\":[{\"@type\":\"ListItem\",\"position\":1,\"name\":\"Home\",\"item\":\"https:\\\/\\\/www.lafabbricadellapastadigragnano.com\\\/\"},{\"@type\":\"ListItem\",\"position\":2,\"name\":\"Premio internazionale &#8220;Bronzi di Riace&#8221;\"}]},{\"@type\":\"WebSite\",\"@id\":\"https:\\\/\\\/www.lafabbricadellapastadigragnano.com\\\/#website\",\"url\":\"https:\\\/\\\/www.lafabbricadellapastadigragnano.com\\\/\",\"name\":\"La Fabbrica della Pasta di Gragnano\",\"description\":\"Una pasta d&#039;eccellenza\",\"publisher\":{\"@id\":\"https:\\\/\\\/www.lafabbricadellapastadigragnano.com\\\/#organization\"},\"alternateName\":\"La Fabbrica della Pasta\",\"potentialAction\":[{\"@type\":\"SearchAction\",\"target\":{\"@type\":\"EntryPoint\",\"urlTemplate\":\"https:\\\/\\\/www.lafabbricadellapastadigragnano.com\\\/?s={search_term_string}\"},\"query-input\":{\"@type\":\"PropertyValueSpecification\",\"valueRequired\":true,\"valueName\":\"search_term_string\"}}],\"inLanguage\":\"pt-PT\"},{\"@type\":\"Organization\",\"@id\":\"https:\\\/\\\/www.lafabbricadellapastadigragnano.com\\\/#organization\",\"name\":\"La Fabbrica della Pasta di Gragnano\",\"alternateName\":\"La Fabbrica della Pasta\",\"url\":\"https:\\\/\\\/www.lafabbricadellapastadigragnano.com\\\/\",\"logo\":{\"@type\":\"ImageObject\",\"inLanguage\":\"pt-PT\",\"@id\":\"https:\\\/\\\/www.lafabbricadellapastadigragnano.com\\\/#\\\/schema\\\/logo\\\/image\\\/\",\"url\":\"https:\\\/\\\/www.lafabbricadellapastadigragnano.com\\\/wp-content\\\/uploads\\\/2024\\\/10\\\/logo-ricetta-stampa.png\",\"contentUrl\":\"https:\\\/\\\/www.lafabbricadellapastadigragnano.com\\\/wp-content\\\/uploads\\\/2024\\\/10\\\/logo-ricetta-stampa.png\",\"width\":300,\"height\":200,\"caption\":\"La Fabbrica della Pasta di Gragnano\"},\"image\":{\"@id\":\"https:\\\/\\\/www.lafabbricadellapastadigragnano.com\\\/#\\\/schema\\\/logo\\\/image\\\/\"},\"sameAs\":[\"https:\\\/\\\/www.facebook.com\\\/LaFabbricaDellaPastaDiGragnano\",\"https:\\\/\\\/x.com\\\/fabbricapasta\",\"https:\\\/\\\/www.instagram.com\\\/lafabbricadellapastadigragnano\",\"https:\\\/\\\/www.linkedin.com\\\/company\\\/la-fabbrica-della-pasta-di-gragnano-s-r-l-\\\/\",\"https:\\\/\\\/www.youtube.com\\\/channel\\\/UCnPf62PmylMP1JUIGVDf8OA\",\"https:\\\/\\\/www.tiktok.com\\\/@fabbricadellapasta\"]},{\"@type\":\"Person\",\"@id\":\"https:\\\/\\\/www.lafabbricadellapastadigragnano.com\\\/#\\\/schema\\\/person\\\/5210ab7235fcdc2f920ba1d5572dcdcd\",\"name\":\"fabbricadellapasta\",\"image\":{\"@type\":\"ImageObject\",\"inLanguage\":\"pt-PT\",\"@id\":\"https:\\\/\\\/secure.gravatar.com\\\/avatar\\\/992ab61a4f476fcd7879f91440b8176df8eda9e81fd032904b2eb0ca3d0d2d4e?s=96&#038;d=mm&#038;r=g\",\"url\":\"https:\\\/\\\/secure.gravatar.com\\\/avatar\\\/992ab61a4f476fcd7879f91440b8176df8eda9e81fd032904b2eb0ca3d0d2d4e?s=96&#038;d=mm&#038;r=g\",\"contentUrl\":\"https:\\\/\\\/secure.gravatar.com\\\/avatar\\\/992ab61a4f476fcd7879f91440b8176df8eda9e81fd032904b2eb0ca3d0d2d4e?s=96&#038;d=mm&#038;r=g\",\"caption\":\"fabbricadellapasta\"},\"sameAs\":[\"https:\\\/\\\/www.lafabbricadellapastadigragnano.com\"],\"url\":\"https:\\\/\\\/www.lafabbricadellapastadigragnano.com\\\/pt\\\/author\\\/fabbricadellapasta\\\/\"}]}<\/script>\n<!-- \/ Yoast SEO plugin. -->","yoast_head_json":{"title":"Premio internazionale \"Bronzi di Riace\" - La Fabbrica della Pasta di Gragnano","robots":{"index":"index","follow":"follow","max-snippet":"max-snippet:-1","max-image-preview":"max-image-preview:large","max-video-preview":"max-video-preview:-1"},"canonical":"https:\/\/www.lafabbricadellapastadigragnano.com\/pt\/premio-internazionale-bronzi-di-riace\/","og_locale":"pt_PT","og_type":"article","og_title":"Premio internazionale \"Bronzi di Riace\" - La Fabbrica della Pasta di Gragnano","og_description":"Premio internazionale &#8220;Bronzi di Riace&#8221;: riconoscimento per Gianni Lepre Il Premio Internazionale &#8220;Bronzi di Riace&#8221;, alla sua XXIII edizione, ha [&hellip;]","og_url":"https:\/\/www.lafabbricadellapastadigragnano.com\/pt\/premio-internazionale-bronzi-di-riace\/","og_site_name":"La Fabbrica della Pasta di Gragnano","article_publisher":"https:\/\/www.facebook.com\/LaFabbricaDellaPastaDiGragnano","article_published_time":"2024-05-06T08:59:51+00:00","article_modified_time":"2024-11-18T09:01:35+00:00","og_image":[{"width":1200,"height":800,"url":"https:\/\/www.lafabbricadellapastadigragnano.com\/wp-content\/uploads\/2024\/08\/monitoraggio-e-controlli-rigorosi.jpg","type":"image\/jpeg"}],"author":"fabbricadellapasta","twitter_card":"summary_large_image","twitter_creator":"@fabbricapasta","twitter_site":"@fabbricapasta","twitter_misc":{"Escrito por":"fabbricadellapasta"},"schema":{"@context":"https:\/\/schema.org","@graph":[{"@type":"Article","@id":"https:\/\/www.lafabbricadellapastadigragnano.com\/premio-internazionale-bronzi-di-riace\/#article","isPartOf":{"@id":"https:\/\/www.lafabbricadellapastadigragnano.com\/premio-internazionale-bronzi-di-riace\/"},"author":{"name":"fabbricadellapasta","@id":"https:\/\/www.lafabbricadellapastadigragnano.com\/#\/schema\/person\/5210ab7235fcdc2f920ba1d5572dcdcd"},"headline":"Premio internazionale &#8220;Bronzi di Riace&#8221;","datePublished":"2024-05-06T08:59:51+00:00","dateModified":"2024-11-18T09:01:35+00:00","mainEntityOfPage":{"@id":"https:\/\/www.lafabbricadellapastadigragnano.com\/premio-internazionale-bronzi-di-riace\/"},"wordCount":64,"publisher":{"@id":"https:\/\/www.lafabbricadellapastadigragnano.com\/#organization"},"image":{"@id":"https:\/\/www.lafabbricadellapastadigragnano.com\/premio-internazionale-bronzi-di-riace\/#primaryimage"},"thumbnailUrl":"https:\/\/www.lafabbricadellapastadigragnano.com\/wp-content\/uploads\/2024\/08\/monitoraggio-e-controlli-rigorosi.jpg","articleSection":["News"],"inLanguage":"pt-PT"},{"@type":"WebPage","@id":"https:\/\/www.lafabbricadellapastadigragnano.com\/premio-internazionale-bronzi-di-riace\/","url":"https:\/\/www.lafabbricadellapastadigragnano.com\/premio-internazionale-bronzi-di-riace\/","name":"Premio internazionale \"Bronzi di Riace\" - La Fabbrica della Pasta di Gragnano","isPartOf":{"@id":"https:\/\/www.lafabbricadellapastadigragnano.com\/#website"},"primaryImageOfPage":{"@id":"https:\/\/www.lafabbricadellapastadigragnano.com\/premio-internazionale-bronzi-di-riace\/#primaryimage"},"image":{"@id":"https:\/\/www.lafabbricadellapastadigragnano.com\/premio-internazionale-bronzi-di-riace\/#primaryimage"},"thumbnailUrl":"https:\/\/www.lafabbricadellapastadigragnano.com\/wp-content\/uploads\/2024\/08\/monitoraggio-e-controlli-rigorosi.jpg","datePublished":"2024-05-06T08:59:51+00:00","dateModified":"2024-11-18T09:01:35+00:00","breadcrumb":{"@id":"https:\/\/www.lafabbricadellapastadigragnano.com\/premio-internazionale-bronzi-di-riace\/#breadcrumb"},"inLanguage":"pt-PT","potentialAction":[{"@type":"ReadAction","target":["https:\/\/www.lafabbricadellapastadigragnano.com\/premio-internazionale-bronzi-di-riace\/"]}]},{"@type":"ImageObject","inLanguage":"pt-PT","@id":"https:\/\/www.lafabbricadellapastadigragnano.com\/premio-internazionale-bronzi-di-riace\/#primaryimage","url":"https:\/\/www.lafabbricadellapastadigragnano.com\/wp-content\/uploads\/2024\/08\/monitoraggio-e-controlli-rigorosi.jpg","contentUrl":"https:\/\/www.lafabbricadellapastadigragnano.com\/wp-content\/uploads\/2024\/08\/monitoraggio-e-controlli-rigorosi.jpg","width":1200,"height":800},{"@type":"BreadcrumbList","@id":"https:\/\/www.lafabbricadellapastadigragnano.com\/premio-internazionale-bronzi-di-riace\/#breadcrumb","itemListElement":[{"@type":"ListItem","position":1,"name":"Home","item":"https:\/\/www.lafabbricadellapastadigragnano.com\/"},{"@type":"ListItem","position":2,"name":"Premio internazionale &#8220;Bronzi di Riace&#8221;"}]},{"@type":"WebSite","@id":"https:\/\/www.lafabbricadellapastadigragnano.com\/#website","url":"https:\/\/www.lafabbricadellapastadigragnano.com\/","name":"La Fabbrica della Pasta di Gragnano","description":"Una pasta d&#039;eccellenza","publisher":{"@id":"https:\/\/www.lafabbricadellapastadigragnano.com\/#organization"},"alternateName":"La Fabbrica della Pasta","potentialAction":[{"@type":"SearchAction","target":{"@type":"EntryPoint","urlTemplate":"https:\/\/www.lafabbricadellapastadigragnano.com\/?s={search_term_string}"},"query-input":{"@type":"PropertyValueSpecification","valueRequired":true,"valueName":"search_term_string"}}],"inLanguage":"pt-PT"},{"@type":"Organization","@id":"https:\/\/www.lafabbricadellapastadigragnano.com\/#organization","name":"La Fabbrica della Pasta di Gragnano","alternateName":"La Fabbrica della Pasta","url":"https:\/\/www.lafabbricadellapastadigragnano.com\/","logo":{"@type":"ImageObject","inLanguage":"pt-PT","@id":"https:\/\/www.lafabbricadellapastadigragnano.com\/#\/schema\/logo\/image\/","url":"https:\/\/www.lafabbricadellapastadigragnano.com\/wp-content\/uploads\/2024\/10\/logo-ricetta-stampa.png","contentUrl":"https:\/\/www.lafabbricadellapastadigragnano.com\/wp-content\/uploads\/2024\/10\/logo-ricetta-stampa.png","width":300,"height":200,"caption":"La Fabbrica della Pasta di Gragnano"},"image":{"@id":"https:\/\/www.lafabbricadellapastadigragnano.com\/#\/schema\/logo\/image\/"},"sameAs":["https:\/\/www.facebook.com\/LaFabbricaDellaPastaDiGragnano","https:\/\/x.com\/fabbricapasta","https:\/\/www.instagram.com\/lafabbricadellapastadigragnano","https:\/\/www.linkedin.com\/company\/la-fabbrica-della-pasta-di-gragnano-s-r-l-\/","https:\/\/www.youtube.com\/channel\/UCnPf62PmylMP1JUIGVDf8OA","https:\/\/www.tiktok.com\/@fabbricadellapasta"]},{"@type":"Person","@id":"https:\/\/www.lafabbricadellapastadigragnano.com\/#\/schema\/person\/5210ab7235fcdc2f920ba1d5572dcdcd","name":"fabbricadellapasta","image":{"@type":"ImageObject","inLanguage":"pt-PT","@id":"https:\/\/secure.gravatar.com\/avatar\/992ab61a4f476fcd7879f91440b8176df8eda9e81fd032904b2eb0ca3d0d2d4e?s=96&#038;d=mm&#038;r=g","url":"https:\/\/secure.gravatar.com\/avatar\/992ab61a4f476fcd7879f91440b8176df8eda9e81fd032904b2eb0ca3d0d2d4e?s=96&#038;d=mm&#038;r=g","contentUrl":"https:\/\/secure.gravatar.com\/avatar\/992ab61a4f476fcd7879f91440b8176df8eda9e81fd032904b2eb0ca3d0d2d4e?s=96&#038;d=mm&#038;r=g","caption":"fabbricadellapasta"},"sameAs":["https:\/\/www.lafabbricadellapastadigragnano.com"],"url":"https:\/\/www.lafabbricadellapastadigragnano.com\/pt\/author\/fabbricadellapasta\/"}]}},"_links":{"self":[{"href":"https:\/\/www.lafabbricadellapastadigragnano.com\/pt\/wp-json\/wp\/v2\/posts\/3495","targetHints":{"allow":["GET"]}}],"collection":[{"href":"https:\/\/www.lafabbricadellapastadigragnano.com\/pt\/wp-json\/wp\/v2\/posts"}],"about":[{"href":"https:\/\/www.lafabbricadellapastadigragnano.com\/pt\/wp-json\/wp\/v2\/types\/post"}],"author":[{"embeddable":true,"href":"https:\/\/www.lafabbricadellapastadigragnano.com\/pt\/wp-json\/wp\/v2\/users\/1"}],"replies":[{"embeddable":true,"href":"https:\/\/www.lafabbricadellapastadigragnano.com\/pt\/wp-json\/wp\/v2\/comments?post=3495"}],"version-history":[{"count":2,"href":"https:\/\/www.lafabbricadellapastadigragnano.com\/pt\/wp-json\/wp\/v2\/posts\/3495\/revisions"}],"predecessor-version":[{"id":3497,"href":"https:\/\/www.lafabbricadellapastadigragnano.com\/pt\/wp-json\/wp\/v2\/posts\/3495\/revisions\/3497"}],"wp:featuredmedia":[{"embeddable":true,"href":"https:\/\/www.lafabbricadellapastadigragnano.com\/pt\/wp-json\/wp\/v2\/media\/817"}],"wp:attachment":[{"href":"https:\/\/www.lafabbricadellapastadigragnano.com\/pt\/wp-json\/wp\/v2\/media?parent=3495"}],"wp:term":[{"taxonomy":"category","embeddable":true,"href":"https:\/\/www.lafabbricadellapastadigragnano.com\/pt\/wp-json\/wp\/v2\/categories?post=3495"},{"taxonomy":"post_tag","embeddable":true,"href":"https:\/\/www.lafabbricadellapastadigragnano.com\/pt\/wp-json\/wp\/v2\/tags?post=3495"}],"curies":[{"name":"wp","href":"https:\/\/api.w.org\/{rel}","templated":true}]}}