{"id":5234,"date":"2025-09-26T09:07:15","date_gmt":"2025-09-26T09:07:15","guid":{"rendered":"https:\/\/www.lafabbricadellapastadigragnano.com\/?p=5234"},"modified":"2025-09-26T09:07:16","modified_gmt":"2025-09-26T09:07:16","slug":"la-fabbrica-della-pasta-news-pastifici-articolo-la-cucina-italiana-2025","status":"publish","type":"post","link":"https:\/\/www.lafabbricadellapastadigragnano.com\/pt\/la-fabbrica-della-pasta-news-pastifici-articolo-la-cucina-italiana-2025\/","title":{"rendered":"Gragnano, Cidade da Massa 2025: uma viagem pela tradi\u00e7\u00e3o e pelos sabores"},"content":{"rendered":"<p class=\"wp-block-paragraph\"><\/p>\n\n\n\n<p class=\"wp-block-paragraph\">Su <strong>A<\/strong> <strong>Cozinha italiana<\/strong>, <em>Laura Pacelli<\/em> conta a <a href=\"https:\/\/www.lafabbricadellapastadigragnano.com\/pt\/la-storia\/\" target=\"_blank\" rel=\"noreferrer noopener\">hist\u00f3ria<\/a> e a inova\u00e7\u00e3o da La Fabbrica della Pasta em Gragnano, fundada no in\u00edcio do s\u00e9culo XX pela fam\u00edlia Moccia. Dos formatos cl\u00e1ssicos \u00e0s cria\u00e7\u00f5es \u00fanicas como a Caccavella, o Quadrifoglio e o linguine ao limoncello, cada massa conta uma hist\u00f3ria de tradi\u00e7\u00e3o e criatividade.<\/p>\n\n\n\n<div class=\"wp-block-buttons is-layout-flex wp-block-buttons-is-layout-flex\">\n<div class=\"wp-block-button\"><a class=\"wp-block-button__link wp-element-button\" href=\"https:\/\/www.lacucinaitaliana.it\/gallery\/gragnano-citta-della-pasta-2025\/\" target=\"_blank\" rel=\"noopener\">Leia o artigo completo<\/a><\/div>\n<\/div>\n\n\n\n<p class=\"wp-block-paragraph\"><\/p>","protected":false},"excerpt":{"rendered":"<p>Su La Cucina Italiana, Laura Pacelli racconta la storia e l\u2019innovazione de La Fabbrica della Pasta di Gragnano, fondata agli [&hellip;]<\/p>\n","protected":false},"author":1,"featured_media":863,"comment_status":"closed","ping_status":"open","sticky":false,"template":"","format":"standard","meta":{"footnotes":""},"categories":[1],"tags":[198,197,196,195],"class_list":["post-5234","post","type-post","status-publish","format-standard","has-post-thumbnail","hentry","category-news","tag-198","tag-citta-della-pasta","tag-gragnano","tag-pasta-di-gragnano"],"yoast_head":"<!-- This site is optimized with the Yoast SEO plugin v28.4 - https:\/\/yoast.com\/product\/yoast-seo-wordpress\/ -->\n<title>Gragnano, Citt\u00e0 della Pasta 2025: un viaggio tra tradizione e sapori - La Fabbrica della Pasta di Gragnano<\/title>\n<meta name=\"description\" content=\"La Cucina Italiana racconta la storia de La Fabbrica della Pasta di Gragnano, fondata agli inizi del Novecento dalla famiglia Moccia...\" \/>\n<meta name=\"robots\" content=\"index, follow, max-snippet:-1, max-image-preview:large, max-video-preview:-1\" \/>\n<link rel=\"canonical\" href=\"https:\/\/www.lafabbricadellapastadigragnano.com\/pt\/la-fabbrica-della-pasta-news-pastifici-articolo-la-cucina-italiana-2025\/\" \/>\n<meta property=\"og:locale\" content=\"pt_PT\" \/>\n<meta property=\"og:type\" content=\"article\" \/>\n<meta property=\"og:title\" content=\"Gragnano, Citt\u00e0 della Pasta 2025: un viaggio tra tradizione e sapori - La Fabbrica della Pasta di Gragnano\" \/>\n<meta property=\"og:description\" content=\"La Cucina Italiana racconta la storia de La Fabbrica della Pasta di Gragnano, fondata agli inizi del Novecento dalla famiglia Moccia...\" \/>\n<meta property=\"og:url\" content=\"https:\/\/www.lafabbricadellapastadigragnano.com\/pt\/la-fabbrica-della-pasta-news-pastifici-articolo-la-cucina-italiana-2025\/\" \/>\n<meta property=\"og:site_name\" content=\"La Fabbrica della Pasta di Gragnano\" \/>\n<meta property=\"article:publisher\" content=\"https:\/\/www.facebook.com\/LaFabbricaDellaPastaDiGragnano\" \/>\n<meta property=\"article:published_time\" content=\"2025-09-26T09:07:15+00:00\" \/>\n<meta property=\"article:modified_time\" content=\"2025-09-26T09:07:16+00:00\" \/>\n<meta property=\"og:image\" content=\"https:\/\/www.lafabbricadellapastadigragnano.com\/wp-content\/uploads\/2024\/08\/gallery-museo-2.jpg\" \/>\n\t<meta property=\"og:image:width\" content=\"1200\" \/>\n\t<meta property=\"og:image:height\" content=\"800\" \/>\n\t<meta property=\"og:image:type\" content=\"image\/jpeg\" \/>\n<meta name=\"author\" content=\"fabbricadellapasta\" \/>\n<meta name=\"twitter:card\" content=\"summary_large_image\" \/>\n<meta name=\"twitter:creator\" content=\"@fabbricapasta\" \/>\n<meta name=\"twitter:site\" content=\"@fabbricapasta\" \/>\n<meta name=\"twitter:label1\" content=\"Escrito por\" \/>\n\t<meta name=\"twitter:data1\" content=\"fabbricadellapasta\" \/>\n\t<meta name=\"twitter:label2\" content=\"Tempo estimado de leitura\" \/>\n\t<meta name=\"twitter:data2\" content=\"1 minuto\" \/>\n<script type=\"application\/ld+json\" class=\"yoast-schema-graph\">{\"@context\":\"https:\\\/\\\/schema.org\",\"@graph\":[{\"@type\":\"Article\",\"@id\":\"https:\\\/\\\/www.lafabbricadellapastadigragnano.com\\\/la-fabbrica-della-pasta-news-pastifici-articolo-la-cucina-italiana-2025\\\/#article\",\"isPartOf\":{\"@id\":\"https:\\\/\\\/www.lafabbricadellapastadigragnano.com\\\/la-fabbrica-della-pasta-news-pastifici-articolo-la-cucina-italiana-2025\\\/\"},\"author\":{\"name\":\"fabbricadellapasta\",\"@id\":\"https:\\\/\\\/www.lafabbricadellapastadigragnano.com\\\/#\\\/schema\\\/person\\\/5210ab7235fcdc2f920ba1d5572dcdcd\"},\"headline\":\"Gragnano, Citt\u00e0 della Pasta 2025: un viaggio tra tradizione e sapori\",\"datePublished\":\"2025-09-26T09:07:15+00:00\",\"dateModified\":\"2025-09-26T09:07:16+00:00\",\"mainEntityOfPage\":{\"@id\":\"https:\\\/\\\/www.lafabbricadellapastadigragnano.com\\\/la-fabbrica-della-pasta-news-pastifici-articolo-la-cucina-italiana-2025\\\/\"},\"wordCount\":64,\"publisher\":{\"@id\":\"https:\\\/\\\/www.lafabbricadellapastadigragnano.com\\\/#organization\"},\"image\":{\"@id\":\"https:\\\/\\\/www.lafabbricadellapastadigragnano.com\\\/la-fabbrica-della-pasta-news-pastifici-articolo-la-cucina-italiana-2025\\\/#primaryimage\"},\"thumbnailUrl\":\"https:\\\/\\\/www.lafabbricadellapastadigragnano.com\\\/wp-content\\\/uploads\\\/2024\\\/08\\\/gallery-museo-2.jpg\",\"keywords\":[\"2025\",\"Citt\u00e0 della Pasta\",\"Gragnano\",\"Pasta di Gragnano\"],\"articleSection\":[\"News\"],\"inLanguage\":\"pt-PT\"},{\"@type\":\"WebPage\",\"@id\":\"https:\\\/\\\/www.lafabbricadellapastadigragnano.com\\\/la-fabbrica-della-pasta-news-pastifici-articolo-la-cucina-italiana-2025\\\/\",\"url\":\"https:\\\/\\\/www.lafabbricadellapastadigragnano.com\\\/la-fabbrica-della-pasta-news-pastifici-articolo-la-cucina-italiana-2025\\\/\",\"name\":\"Gragnano, Citt\u00e0 della Pasta 2025: un viaggio tra tradizione e sapori - La Fabbrica della Pasta di Gragnano\",\"isPartOf\":{\"@id\":\"https:\\\/\\\/www.lafabbricadellapastadigragnano.com\\\/#website\"},\"primaryImageOfPage\":{\"@id\":\"https:\\\/\\\/www.lafabbricadellapastadigragnano.com\\\/la-fabbrica-della-pasta-news-pastifici-articolo-la-cucina-italiana-2025\\\/#primaryimage\"},\"image\":{\"@id\":\"https:\\\/\\\/www.lafabbricadellapastadigragnano.com\\\/la-fabbrica-della-pasta-news-pastifici-articolo-la-cucina-italiana-2025\\\/#primaryimage\"},\"thumbnailUrl\":\"https:\\\/\\\/www.lafabbricadellapastadigragnano.com\\\/wp-content\\\/uploads\\\/2024\\\/08\\\/gallery-museo-2.jpg\",\"datePublished\":\"2025-09-26T09:07:15+00:00\",\"dateModified\":\"2025-09-26T09:07:16+00:00\",\"description\":\"La Cucina Italiana racconta la storia de La Fabbrica della Pasta di Gragnano, fondata agli inizi del Novecento dalla famiglia Moccia...\",\"breadcrumb\":{\"@id\":\"https:\\\/\\\/www.lafabbricadellapastadigragnano.com\\\/la-fabbrica-della-pasta-news-pastifici-articolo-la-cucina-italiana-2025\\\/#breadcrumb\"},\"inLanguage\":\"pt-PT\",\"potentialAction\":[{\"@type\":\"ReadAction\",\"target\":[\"https:\\\/\\\/www.lafabbricadellapastadigragnano.com\\\/la-fabbrica-della-pasta-news-pastifici-articolo-la-cucina-italiana-2025\\\/\"]}]},{\"@type\":\"ImageObject\",\"inLanguage\":\"pt-PT\",\"@id\":\"https:\\\/\\\/www.lafabbricadellapastadigragnano.com\\\/la-fabbrica-della-pasta-news-pastifici-articolo-la-cucina-italiana-2025\\\/#primaryimage\",\"url\":\"https:\\\/\\\/www.lafabbricadellapastadigragnano.com\\\/wp-content\\\/uploads\\\/2024\\\/08\\\/gallery-museo-2.jpg\",\"contentUrl\":\"https:\\\/\\\/www.lafabbricadellapastadigragnano.com\\\/wp-content\\\/uploads\\\/2024\\\/08\\\/gallery-museo-2.jpg\",\"width\":1200,\"height\":800,\"caption\":\"La Fabbrica della Pasta di Gragnano - Torchio antico - Museo\"},{\"@type\":\"BreadcrumbList\",\"@id\":\"https:\\\/\\\/www.lafabbricadellapastadigragnano.com\\\/la-fabbrica-della-pasta-news-pastifici-articolo-la-cucina-italiana-2025\\\/#breadcrumb\",\"itemListElement\":[{\"@type\":\"ListItem\",\"position\":1,\"name\":\"Home\",\"item\":\"https:\\\/\\\/www.lafabbricadellapastadigragnano.com\\\/\"},{\"@type\":\"ListItem\",\"position\":2,\"name\":\"Gragnano, Citt\u00e0 della Pasta 2025: un viaggio tra tradizione e sapori\"}]},{\"@type\":\"WebSite\",\"@id\":\"https:\\\/\\\/www.lafabbricadellapastadigragnano.com\\\/#website\",\"url\":\"https:\\\/\\\/www.lafabbricadellapastadigragnano.com\\\/\",\"name\":\"La Fabbrica della Pasta di Gragnano\",\"description\":\"Una pasta d&#039;eccellenza\",\"publisher\":{\"@id\":\"https:\\\/\\\/www.lafabbricadellapastadigragnano.com\\\/#organization\"},\"alternateName\":\"La Fabbrica della Pasta\",\"potentialAction\":[{\"@type\":\"SearchAction\",\"target\":{\"@type\":\"EntryPoint\",\"urlTemplate\":\"https:\\\/\\\/www.lafabbricadellapastadigragnano.com\\\/?s={search_term_string}\"},\"query-input\":{\"@type\":\"PropertyValueSpecification\",\"valueRequired\":true,\"valueName\":\"search_term_string\"}}],\"inLanguage\":\"pt-PT\"},{\"@type\":\"Organization\",\"@id\":\"https:\\\/\\\/www.lafabbricadellapastadigragnano.com\\\/#organization\",\"name\":\"La Fabbrica della Pasta di Gragnano\",\"alternateName\":\"La Fabbrica della Pasta\",\"url\":\"https:\\\/\\\/www.lafabbricadellapastadigragnano.com\\\/\",\"logo\":{\"@type\":\"ImageObject\",\"inLanguage\":\"pt-PT\",\"@id\":\"https:\\\/\\\/www.lafabbricadellapastadigragnano.com\\\/#\\\/schema\\\/logo\\\/image\\\/\",\"url\":\"https:\\\/\\\/www.lafabbricadellapastadigragnano.com\\\/wp-content\\\/uploads\\\/2024\\\/10\\\/logo-ricetta-stampa.png\",\"contentUrl\":\"https:\\\/\\\/www.lafabbricadellapastadigragnano.com\\\/wp-content\\\/uploads\\\/2024\\\/10\\\/logo-ricetta-stampa.png\",\"width\":300,\"height\":200,\"caption\":\"La Fabbrica della Pasta di Gragnano\"},\"image\":{\"@id\":\"https:\\\/\\\/www.lafabbricadellapastadigragnano.com\\\/#\\\/schema\\\/logo\\\/image\\\/\"},\"sameAs\":[\"https:\\\/\\\/www.facebook.com\\\/LaFabbricaDellaPastaDiGragnano\",\"https:\\\/\\\/x.com\\\/fabbricapasta\",\"https:\\\/\\\/www.instagram.com\\\/lafabbricadellapastadigragnano\",\"https:\\\/\\\/www.linkedin.com\\\/company\\\/la-fabbrica-della-pasta-di-gragnano-s-r-l-\\\/\",\"https:\\\/\\\/www.youtube.com\\\/channel\\\/UCnPf62PmylMP1JUIGVDf8OA\",\"https:\\\/\\\/www.tiktok.com\\\/@fabbricadellapasta\"]},{\"@type\":\"Person\",\"@id\":\"https:\\\/\\\/www.lafabbricadellapastadigragnano.com\\\/#\\\/schema\\\/person\\\/5210ab7235fcdc2f920ba1d5572dcdcd\",\"name\":\"fabbricadellapasta\",\"image\":{\"@type\":\"ImageObject\",\"inLanguage\":\"pt-PT\",\"@id\":\"https:\\\/\\\/secure.gravatar.com\\\/avatar\\\/992ab61a4f476fcd7879f91440b8176df8eda9e81fd032904b2eb0ca3d0d2d4e?s=96&#038;d=mm&#038;r=g\",\"url\":\"https:\\\/\\\/secure.gravatar.com\\\/avatar\\\/992ab61a4f476fcd7879f91440b8176df8eda9e81fd032904b2eb0ca3d0d2d4e?s=96&#038;d=mm&#038;r=g\",\"contentUrl\":\"https:\\\/\\\/secure.gravatar.com\\\/avatar\\\/992ab61a4f476fcd7879f91440b8176df8eda9e81fd032904b2eb0ca3d0d2d4e?s=96&#038;d=mm&#038;r=g\",\"caption\":\"fabbricadellapasta\"},\"sameAs\":[\"https:\\\/\\\/www.lafabbricadellapastadigragnano.com\"],\"url\":\"https:\\\/\\\/www.lafabbricadellapastadigragnano.com\\\/pt\\\/author\\\/fabbricadellapasta\\\/\"}]}<\/script>\n<!-- \/ Yoast SEO plugin. -->","yoast_head_json":{"title":"Gragnano, Citt\u00e0 della Pasta 2025: un viaggio tra tradizione e sapori - La Fabbrica della Pasta di Gragnano","description":"La Cucina Italiana racconta la storia de La Fabbrica della Pasta di Gragnano, fondata agli inizi del Novecento dalla famiglia Moccia...","robots":{"index":"index","follow":"follow","max-snippet":"max-snippet:-1","max-image-preview":"max-image-preview:large","max-video-preview":"max-video-preview:-1"},"canonical":"https:\/\/www.lafabbricadellapastadigragnano.com\/pt\/la-fabbrica-della-pasta-news-pastifici-articolo-la-cucina-italiana-2025\/","og_locale":"pt_PT","og_type":"article","og_title":"Gragnano, Citt\u00e0 della Pasta 2025: un viaggio tra tradizione e sapori - La Fabbrica della Pasta di Gragnano","og_description":"La Cucina Italiana racconta la storia de La Fabbrica della Pasta di Gragnano, fondata agli inizi del Novecento dalla famiglia Moccia...","og_url":"https:\/\/www.lafabbricadellapastadigragnano.com\/pt\/la-fabbrica-della-pasta-news-pastifici-articolo-la-cucina-italiana-2025\/","og_site_name":"La Fabbrica della Pasta di Gragnano","article_publisher":"https:\/\/www.facebook.com\/LaFabbricaDellaPastaDiGragnano","article_published_time":"2025-09-26T09:07:15+00:00","article_modified_time":"2025-09-26T09:07:16+00:00","og_image":[{"width":1200,"height":800,"url":"https:\/\/www.lafabbricadellapastadigragnano.com\/wp-content\/uploads\/2024\/08\/gallery-museo-2.jpg","type":"image\/jpeg"}],"author":"fabbricadellapasta","twitter_card":"summary_large_image","twitter_creator":"@fabbricapasta","twitter_site":"@fabbricapasta","twitter_misc":{"Escrito por":"fabbricadellapasta","Tempo estimado de leitura":"1 minuto"},"schema":{"@context":"https:\/\/schema.org","@graph":[{"@type":"Article","@id":"https:\/\/www.lafabbricadellapastadigragnano.com\/la-fabbrica-della-pasta-news-pastifici-articolo-la-cucina-italiana-2025\/#article","isPartOf":{"@id":"https:\/\/www.lafabbricadellapastadigragnano.com\/la-fabbrica-della-pasta-news-pastifici-articolo-la-cucina-italiana-2025\/"},"author":{"name":"fabbricadellapasta","@id":"https:\/\/www.lafabbricadellapastadigragnano.com\/#\/schema\/person\/5210ab7235fcdc2f920ba1d5572dcdcd"},"headline":"Gragnano, Citt\u00e0 della Pasta 2025: un viaggio tra tradizione e sapori","datePublished":"2025-09-26T09:07:15+00:00","dateModified":"2025-09-26T09:07:16+00:00","mainEntityOfPage":{"@id":"https:\/\/www.lafabbricadellapastadigragnano.com\/la-fabbrica-della-pasta-news-pastifici-articolo-la-cucina-italiana-2025\/"},"wordCount":64,"publisher":{"@id":"https:\/\/www.lafabbricadellapastadigragnano.com\/#organization"},"image":{"@id":"https:\/\/www.lafabbricadellapastadigragnano.com\/la-fabbrica-della-pasta-news-pastifici-articolo-la-cucina-italiana-2025\/#primaryimage"},"thumbnailUrl":"https:\/\/www.lafabbricadellapastadigragnano.com\/wp-content\/uploads\/2024\/08\/gallery-museo-2.jpg","keywords":["2025","Citt\u00e0 della Pasta","Gragnano","Pasta di Gragnano"],"articleSection":["News"],"inLanguage":"pt-PT"},{"@type":"WebPage","@id":"https:\/\/www.lafabbricadellapastadigragnano.com\/la-fabbrica-della-pasta-news-pastifici-articolo-la-cucina-italiana-2025\/","url":"https:\/\/www.lafabbricadellapastadigragnano.com\/la-fabbrica-della-pasta-news-pastifici-articolo-la-cucina-italiana-2025\/","name":"Gragnano, Citt\u00e0 della Pasta 2025: un viaggio tra tradizione e sapori - La Fabbrica della Pasta di Gragnano","isPartOf":{"@id":"https:\/\/www.lafabbricadellapastadigragnano.com\/#website"},"primaryImageOfPage":{"@id":"https:\/\/www.lafabbricadellapastadigragnano.com\/la-fabbrica-della-pasta-news-pastifici-articolo-la-cucina-italiana-2025\/#primaryimage"},"image":{"@id":"https:\/\/www.lafabbricadellapastadigragnano.com\/la-fabbrica-della-pasta-news-pastifici-articolo-la-cucina-italiana-2025\/#primaryimage"},"thumbnailUrl":"https:\/\/www.lafabbricadellapastadigragnano.com\/wp-content\/uploads\/2024\/08\/gallery-museo-2.jpg","datePublished":"2025-09-26T09:07:15+00:00","dateModified":"2025-09-26T09:07:16+00:00","description":"La Cucina Italiana racconta la storia de La Fabbrica della Pasta di Gragnano, fondata agli inizi del Novecento dalla famiglia Moccia...","breadcrumb":{"@id":"https:\/\/www.lafabbricadellapastadigragnano.com\/la-fabbrica-della-pasta-news-pastifici-articolo-la-cucina-italiana-2025\/#breadcrumb"},"inLanguage":"pt-PT","potentialAction":[{"@type":"ReadAction","target":["https:\/\/www.lafabbricadellapastadigragnano.com\/la-fabbrica-della-pasta-news-pastifici-articolo-la-cucina-italiana-2025\/"]}]},{"@type":"ImageObject","inLanguage":"pt-PT","@id":"https:\/\/www.lafabbricadellapastadigragnano.com\/la-fabbrica-della-pasta-news-pastifici-articolo-la-cucina-italiana-2025\/#primaryimage","url":"https:\/\/www.lafabbricadellapastadigragnano.com\/wp-content\/uploads\/2024\/08\/gallery-museo-2.jpg","contentUrl":"https:\/\/www.lafabbricadellapastadigragnano.com\/wp-content\/uploads\/2024\/08\/gallery-museo-2.jpg","width":1200,"height":800,"caption":"La Fabbrica della Pasta di Gragnano - Torchio antico - Museo"},{"@type":"BreadcrumbList","@id":"https:\/\/www.lafabbricadellapastadigragnano.com\/la-fabbrica-della-pasta-news-pastifici-articolo-la-cucina-italiana-2025\/#breadcrumb","itemListElement":[{"@type":"ListItem","position":1,"name":"Home","item":"https:\/\/www.lafabbricadellapastadigragnano.com\/"},{"@type":"ListItem","position":2,"name":"Gragnano, Citt\u00e0 della Pasta 2025: un viaggio tra tradizione e sapori"}]},{"@type":"WebSite","@id":"https:\/\/www.lafabbricadellapastadigragnano.com\/#website","url":"https:\/\/www.lafabbricadellapastadigragnano.com\/","name":"La Fabbrica della Pasta di Gragnano","description":"Una pasta d&#039;eccellenza","publisher":{"@id":"https:\/\/www.lafabbricadellapastadigragnano.com\/#organization"},"alternateName":"La Fabbrica della Pasta","potentialAction":[{"@type":"SearchAction","target":{"@type":"EntryPoint","urlTemplate":"https:\/\/www.lafabbricadellapastadigragnano.com\/?s={search_term_string}"},"query-input":{"@type":"PropertyValueSpecification","valueRequired":true,"valueName":"search_term_string"}}],"inLanguage":"pt-PT"},{"@type":"Organization","@id":"https:\/\/www.lafabbricadellapastadigragnano.com\/#organization","name":"La Fabbrica della Pasta di Gragnano","alternateName":"La Fabbrica della Pasta","url":"https:\/\/www.lafabbricadellapastadigragnano.com\/","logo":{"@type":"ImageObject","inLanguage":"pt-PT","@id":"https:\/\/www.lafabbricadellapastadigragnano.com\/#\/schema\/logo\/image\/","url":"https:\/\/www.lafabbricadellapastadigragnano.com\/wp-content\/uploads\/2024\/10\/logo-ricetta-stampa.png","contentUrl":"https:\/\/www.lafabbricadellapastadigragnano.com\/wp-content\/uploads\/2024\/10\/logo-ricetta-stampa.png","width":300,"height":200,"caption":"La Fabbrica della Pasta di Gragnano"},"image":{"@id":"https:\/\/www.lafabbricadellapastadigragnano.com\/#\/schema\/logo\/image\/"},"sameAs":["https:\/\/www.facebook.com\/LaFabbricaDellaPastaDiGragnano","https:\/\/x.com\/fabbricapasta","https:\/\/www.instagram.com\/lafabbricadellapastadigragnano","https:\/\/www.linkedin.com\/company\/la-fabbrica-della-pasta-di-gragnano-s-r-l-\/","https:\/\/www.youtube.com\/channel\/UCnPf62PmylMP1JUIGVDf8OA","https:\/\/www.tiktok.com\/@fabbricadellapasta"]},{"@type":"Person","@id":"https:\/\/www.lafabbricadellapastadigragnano.com\/#\/schema\/person\/5210ab7235fcdc2f920ba1d5572dcdcd","name":"fabbricadellapasta","image":{"@type":"ImageObject","inLanguage":"pt-PT","@id":"https:\/\/secure.gravatar.com\/avatar\/992ab61a4f476fcd7879f91440b8176df8eda9e81fd032904b2eb0ca3d0d2d4e?s=96&#038;d=mm&#038;r=g","url":"https:\/\/secure.gravatar.com\/avatar\/992ab61a4f476fcd7879f91440b8176df8eda9e81fd032904b2eb0ca3d0d2d4e?s=96&#038;d=mm&#038;r=g","contentUrl":"https:\/\/secure.gravatar.com\/avatar\/992ab61a4f476fcd7879f91440b8176df8eda9e81fd032904b2eb0ca3d0d2d4e?s=96&#038;d=mm&#038;r=g","caption":"fabbricadellapasta"},"sameAs":["https:\/\/www.lafabbricadellapastadigragnano.com"],"url":"https:\/\/www.lafabbricadellapastadigragnano.com\/pt\/author\/fabbricadellapasta\/"}]}},"_links":{"self":[{"href":"https:\/\/www.lafabbricadellapastadigragnano.com\/pt\/wp-json\/wp\/v2\/posts\/5234","targetHints":{"allow":["GET"]}}],"collection":[{"href":"https:\/\/www.lafabbricadellapastadigragnano.com\/pt\/wp-json\/wp\/v2\/posts"}],"about":[{"href":"https:\/\/www.lafabbricadellapastadigragnano.com\/pt\/wp-json\/wp\/v2\/types\/post"}],"author":[{"embeddable":true,"href":"https:\/\/www.lafabbricadellapastadigragnano.com\/pt\/wp-json\/wp\/v2\/users\/1"}],"replies":[{"embeddable":true,"href":"https:\/\/www.lafabbricadellapastadigragnano.com\/pt\/wp-json\/wp\/v2\/comments?post=5234"}],"version-history":[{"count":1,"href":"https:\/\/www.lafabbricadellapastadigragnano.com\/pt\/wp-json\/wp\/v2\/posts\/5234\/revisions"}],"predecessor-version":[{"id":5235,"href":"https:\/\/www.lafabbricadellapastadigragnano.com\/pt\/wp-json\/wp\/v2\/posts\/5234\/revisions\/5235"}],"wp:featuredmedia":[{"embeddable":true,"href":"https:\/\/www.lafabbricadellapastadigragnano.com\/pt\/wp-json\/wp\/v2\/media\/863"}],"wp:attachment":[{"href":"https:\/\/www.lafabbricadellapastadigragnano.com\/pt\/wp-json\/wp\/v2\/media?parent=5234"}],"wp:term":[{"taxonomy":"category","embeddable":true,"href":"https:\/\/www.lafabbricadellapastadigragnano.com\/pt\/wp-json\/wp\/v2\/categories?post=5234"},{"taxonomy":"post_tag","embeddable":true,"href":"https:\/\/www.lafabbricadellapastadigragnano.com\/pt\/wp-json\/wp\/v2\/tags?post=5234"}],"curies":[{"name":"wp","href":"https:\/\/api.w.org\/{rel}","templated":true}]}}