{"id":5290,"date":"2025-10-21T13:00:00","date_gmt":"2025-10-21T13:00:00","guid":{"rendered":"https:\/\/www.lafabbricadellapastadigragnano.com\/?p=5290"},"modified":"2025-10-21T10:57:52","modified_gmt":"2025-10-21T10:57:52","slug":"larte-della-pasta-al-dente","status":"publish","type":"post","link":"https:\/\/www.lafabbricadellapastadigragnano.com\/pt\/larte-della-pasta-al-dente\/","title":{"rendered":"A Arte de Cozinhar o Macarr\u00e3o Al Dente"},"content":{"rendered":"<p class=\"wp-block-paragraph\">H\u00e1 um momento preciso em que o macarr\u00e3o atinge sua m\u00e1xima express\u00e3o: quando est\u00e1<strong> Al Dente<\/strong>! <br>N\u00e3o \u00e9 apenas uma t\u00e9cnica de cozimento, mas <em>um verdadeiro ritual italiano.<\/em><\/p>\n\n\n\n<h3 class=\"wp-block-heading\"><strong>O que significa \u201cMacarr\u00e3o Al Dente\u201d<\/strong>?<\/h3>\n\n\n\n<p class=\"wp-block-paragraph\">O termo <em>\u201cal dente\u201d<\/em> refere-se a <strong>uma massa perfeitamente cozida<\/strong>, macia por fora, mas ligeiramente firme por dentro. Esse equil\u00edbrio entre maciez e consist\u00eancia d\u00e1 ao prato <strong>um sabor aut\u00eantico <\/strong>e<strong> una texture ideale<\/strong>.<\/p>\n\n\n\n<h3 class=\"wp-block-heading\"><strong>Os Benef\u00edcios do Macarr\u00e3o Al Dente<\/strong><\/h3>\n\n\n\n<p class=\"has-text-align-left wp-block-paragraph\">N\u00e3o \u00e9 apenas uma quest\u00e3o de sabor. O macarr\u00e3o al dente <strong>digere mais lentamente<\/strong>, <strong>tem um \u00edndice glic\u00eamico mais baixo<\/strong> e <strong>preserva melhor os nutrientes<\/strong>. Mastig\u00e1-lo por mais tempo n\u00e3o s\u00f3 ajuda a digest\u00e3o, como tamb\u00e9m proporciona uma <strong>sensa\u00e7\u00e3o natural de saciedade<\/strong>.<\/p>\n\n\n\n<div class=\"wp-block-group\"><div class=\"wp-block-group__inner-container is-layout-constrained wp-block-group-is-layout-constrained\">\n<div class=\"wp-block-buttons alignwide is-content-justification-center is-layout-flex wp-container-core-buttons-is-layout-fe48e5de wp-block-buttons-is-layout-flex\">\n<div class=\"wp-block-button has-custom-width wp-block-button__width-100\"><a class=\"wp-block-button__link wp-element-button\" href=\"https:\/\/www.lafabbricadellapastadigragnano.com\/pt\/larte-della-pasta-al-dente\/\" target=\"_blank\" rel=\"noreferrer noopener\">Descubra a <em><strong>nossa Massa!<\/strong><\/em><\/a><\/div>\n<\/div>\n<\/div><\/div>\n\n\n\n<h3 class=\"wp-block-heading\"><strong>Como cozinh\u00e1-lo passo a passo<\/strong>?<\/h3>\n\n\n\n<p class=\"wp-block-paragraph\">Alcan\u00e7ar o <em>ponto perfeito<\/em> n\u00e3o \u00e9 dif\u00edcil: basta um pouco de aten\u00e7\u00e3o e alguns cuidados. Aqui est\u00e3o as <strong>regras fundamentais para um macarr\u00e3o al dente<\/strong>.<\/p>\n\n\n\n<p class=\"wp-block-paragraph\"><strong>1. Usar bastante \u00e1gua<\/strong> <strong>acqua<\/strong> \u2013 recomenda-se cerca de <em>1 litro de \u00e1gua para cada 100 g de massa<\/em>Tampar a panela ajuda a \u00e1gua a ferver mais r\u00e1pido, reduzindo o tempo de espera e o consumo de energia.<br><strong>2. Adicionar o sal no momento certo<\/strong> \u2013 para n\u00e3o retardar o retorno \u00e0 ebuli\u00e7\u00e3o <em>sal grosso (cerca de 10 g por litro de \u00e1gua)<\/em> deve ser adicionado apenas <em>quando a \u00e1gua ferver<\/em>.<br><strong>3. Colocar a massa e mexer imediatamente<\/strong> \u2013 a massa deve ser mergulhada <em>assim que a \u00e1gua voltar a ferver<\/em>; mexa por alguns segundos para evitar que grude.<br><strong>4. Respeitar o tempo de cozimento<\/strong> \u2013 siga as instru\u00e7\u00f5es da <a href=\"https:\/\/www.lafabbricadellapastadigragnano.com\/pt\/pasta\/\" target=\"_blank\" rel=\"noreferrer noopener\"><strong>embalagem<\/strong><\/a>.<br><strong>5. Testar<\/strong> \u2013 a massa deve estar firme, mas n\u00e3o dura demais, com um leve fio branco no centro, sinal de ponto ideal de cozimento.<br><strong>6. Escorrer e temperar<\/strong> \u2013 assim que atingir a consist\u00eancia desejada, escorra e tempere a massa.<\/p>\n\n\n\n<hr class=\"wp-block-separator has-alpha-channel-opacity\"\/>\n\n\n\n<p class=\"has-text-align-left wp-block-paragraph\">A <strong>macarr\u00e3o al dente<\/strong> \u00e9 o equil\u00edbrio perfeito entre sabor, sa\u00fade e simplicidade. Cozinh\u00e1-lo corretamente valoriza cada formato e molho, produzindo uma massa mais digest\u00edvel, saborosa e rica em nutrientes. Um pequeno gesto que re\u00fane todo o prazer aut\u00eantico da cozinha italiana.<\/p>\n\n\n\n<div style=\"height:20px\" aria-hidden=\"true\" class=\"wp-block-spacer\"><\/div>\n\n\n\n<p class=\"wp-block-paragraph\"><\/p>","protected":false},"excerpt":{"rendered":"<p>C\u2019\u00e8 un momento preciso in cui la pasta raggiunge la massima espressione, ovvero quando \u00e8 Al Dente! Non \u00e8 solo [&hellip;]<\/p>\n","protected":false},"author":1,"featured_media":5294,"comment_status":"closed","ping_status":"open","sticky":false,"template":"","format":"standard","meta":{"footnotes":""},"categories":[1],"tags":[205,206,195],"class_list":["post-5290","post","type-post","status-publish","format-standard","has-post-thumbnail","hentry","category-news","tag-al-dente","tag-cottura-pasta","tag-pasta-di-gragnano"],"yoast_head":"<!-- This site is optimized with the Yoast SEO plugin v28.4 - https:\/\/yoast.com\/product\/yoast-seo-wordpress\/ -->\n<title>L\u2019arte della Pasta al Dente tra equilibrio, gusto e tradizione - La Fabbrica della Pasta di Gragnano<\/title>\n<meta name=\"description\" content=\"C\u2019\u00e8 un momento preciso in cui la pasta raggiunge la sua massima espressione: quando \u00e8 al dente! \u00c8 quel momento perfetto in cui ...\" \/>\n<meta name=\"robots\" content=\"index, follow, max-snippet:-1, max-image-preview:large, max-video-preview:-1\" \/>\n<link rel=\"canonical\" href=\"https:\/\/www.lafabbricadellapastadigragnano.com\/pt\/larte-della-pasta-al-dente\/\" \/>\n<meta property=\"og:locale\" content=\"pt_PT\" \/>\n<meta property=\"og:type\" content=\"article\" \/>\n<meta property=\"og:title\" content=\"L\u2019arte della Pasta al Dente tra equilibrio, gusto e tradizione - La Fabbrica della Pasta di Gragnano\" \/>\n<meta property=\"og:description\" content=\"C\u2019\u00e8 un momento preciso in cui la pasta raggiunge la sua massima espressione: quando \u00e8 al dente! \u00c8 quel momento perfetto in cui ...\" \/>\n<meta property=\"og:url\" content=\"https:\/\/www.lafabbricadellapastadigragnano.com\/pt\/larte-della-pasta-al-dente\/\" \/>\n<meta property=\"og:site_name\" content=\"La Fabbrica della Pasta di Gragnano\" \/>\n<meta property=\"article:publisher\" content=\"https:\/\/www.facebook.com\/LaFabbricaDellaPastaDiGragnano\" \/>\n<meta property=\"article:published_time\" content=\"2025-10-21T13:00:00+00:00\" \/>\n<meta property=\"og:image\" content=\"https:\/\/www.lafabbricadellapastadigragnano.com\/wp-content\/uploads\/2025\/10\/Al-Dente-Definitivo-scaled.jpg\" \/>\n\t<meta property=\"og:image:width\" content=\"2560\" \/>\n\t<meta property=\"og:image:height\" content=\"1613\" \/>\n\t<meta property=\"og:image:type\" content=\"image\/jpeg\" \/>\n<meta name=\"author\" content=\"fabbricadellapasta\" \/>\n<meta name=\"twitter:card\" content=\"summary_large_image\" \/>\n<meta name=\"twitter:creator\" content=\"@fabbricapasta\" \/>\n<meta name=\"twitter:site\" content=\"@fabbricapasta\" \/>\n<meta name=\"twitter:label1\" content=\"Escrito por\" \/>\n\t<meta name=\"twitter:data1\" content=\"fabbricadellapasta\" \/>\n\t<meta name=\"twitter:label2\" content=\"Tempo estimado de leitura\" \/>\n\t<meta name=\"twitter:data2\" content=\"3 minutos\" \/>\n<script type=\"application\/ld+json\" class=\"yoast-schema-graph\">{\"@context\":\"https:\\\/\\\/schema.org\",\"@graph\":[{\"@type\":\"Article\",\"@id\":\"https:\\\/\\\/www.lafabbricadellapastadigragnano.com\\\/larte-della-pasta-al-dente\\\/#article\",\"isPartOf\":{\"@id\":\"https:\\\/\\\/www.lafabbricadellapastadigragnano.com\\\/larte-della-pasta-al-dente\\\/\"},\"author\":{\"name\":\"fabbricadellapasta\",\"@id\":\"https:\\\/\\\/www.lafabbricadellapastadigragnano.com\\\/#\\\/schema\\\/person\\\/5210ab7235fcdc2f920ba1d5572dcdcd\"},\"headline\":\"L\u2019arte della Pasta al Dente tra equilibrio, gusto e tradizione\",\"datePublished\":\"2025-10-21T13:00:00+00:00\",\"mainEntityOfPage\":{\"@id\":\"https:\\\/\\\/www.lafabbricadellapastadigragnano.com\\\/larte-della-pasta-al-dente\\\/\"},\"wordCount\":352,\"publisher\":{\"@id\":\"https:\\\/\\\/www.lafabbricadellapastadigragnano.com\\\/#organization\"},\"image\":{\"@id\":\"https:\\\/\\\/www.lafabbricadellapastadigragnano.com\\\/larte-della-pasta-al-dente\\\/#primaryimage\"},\"thumbnailUrl\":\"https:\\\/\\\/www.lafabbricadellapastadigragnano.com\\\/wp-content\\\/uploads\\\/2025\\\/10\\\/Al-Dente-Definitivo-scaled.jpg\",\"keywords\":[\"Al Dente\",\"Cottura Pasta\",\"Pasta di Gragnano\"],\"articleSection\":[\"News\"],\"inLanguage\":\"pt-PT\"},{\"@type\":\"WebPage\",\"@id\":\"https:\\\/\\\/www.lafabbricadellapastadigragnano.com\\\/larte-della-pasta-al-dente\\\/\",\"url\":\"https:\\\/\\\/www.lafabbricadellapastadigragnano.com\\\/larte-della-pasta-al-dente\\\/\",\"name\":\"L\u2019arte della Pasta al Dente tra equilibrio, gusto e tradizione - La Fabbrica della Pasta di Gragnano\",\"isPartOf\":{\"@id\":\"https:\\\/\\\/www.lafabbricadellapastadigragnano.com\\\/#website\"},\"primaryImageOfPage\":{\"@id\":\"https:\\\/\\\/www.lafabbricadellapastadigragnano.com\\\/larte-della-pasta-al-dente\\\/#primaryimage\"},\"image\":{\"@id\":\"https:\\\/\\\/www.lafabbricadellapastadigragnano.com\\\/larte-della-pasta-al-dente\\\/#primaryimage\"},\"thumbnailUrl\":\"https:\\\/\\\/www.lafabbricadellapastadigragnano.com\\\/wp-content\\\/uploads\\\/2025\\\/10\\\/Al-Dente-Definitivo-scaled.jpg\",\"datePublished\":\"2025-10-21T13:00:00+00:00\",\"description\":\"C\u2019\u00e8 un momento preciso in cui la pasta raggiunge la sua massima espressione: quando \u00e8 al dente! \u00c8 quel momento perfetto in cui ...\",\"breadcrumb\":{\"@id\":\"https:\\\/\\\/www.lafabbricadellapastadigragnano.com\\\/larte-della-pasta-al-dente\\\/#breadcrumb\"},\"inLanguage\":\"pt-PT\",\"potentialAction\":[{\"@type\":\"ReadAction\",\"target\":[\"https:\\\/\\\/www.lafabbricadellapastadigragnano.com\\\/larte-della-pasta-al-dente\\\/\"]}]},{\"@type\":\"ImageObject\",\"inLanguage\":\"pt-PT\",\"@id\":\"https:\\\/\\\/www.lafabbricadellapastadigragnano.com\\\/larte-della-pasta-al-dente\\\/#primaryimage\",\"url\":\"https:\\\/\\\/www.lafabbricadellapastadigragnano.com\\\/wp-content\\\/uploads\\\/2025\\\/10\\\/Al-Dente-Definitivo-scaled.jpg\",\"contentUrl\":\"https:\\\/\\\/www.lafabbricadellapastadigragnano.com\\\/wp-content\\\/uploads\\\/2025\\\/10\\\/Al-Dente-Definitivo-scaled.jpg\",\"width\":2560,\"height\":1613,\"caption\":\"Kit Regalo Al Dente! \u00a9 La Fabbrica della Pasta di Gragnano\"},{\"@type\":\"BreadcrumbList\",\"@id\":\"https:\\\/\\\/www.lafabbricadellapastadigragnano.com\\\/larte-della-pasta-al-dente\\\/#breadcrumb\",\"itemListElement\":[{\"@type\":\"ListItem\",\"position\":1,\"name\":\"Home\",\"item\":\"https:\\\/\\\/www.lafabbricadellapastadigragnano.com\\\/\"},{\"@type\":\"ListItem\",\"position\":2,\"name\":\"L\u2019arte della Pasta al Dente tra equilibrio, gusto e tradizione\"}]},{\"@type\":\"WebSite\",\"@id\":\"https:\\\/\\\/www.lafabbricadellapastadigragnano.com\\\/#website\",\"url\":\"https:\\\/\\\/www.lafabbricadellapastadigragnano.com\\\/\",\"name\":\"La Fabbrica della Pasta di Gragnano\",\"description\":\"Una pasta d&#039;eccellenza\",\"publisher\":{\"@id\":\"https:\\\/\\\/www.lafabbricadellapastadigragnano.com\\\/#organization\"},\"alternateName\":\"La Fabbrica della Pasta\",\"potentialAction\":[{\"@type\":\"SearchAction\",\"target\":{\"@type\":\"EntryPoint\",\"urlTemplate\":\"https:\\\/\\\/www.lafabbricadellapastadigragnano.com\\\/?s={search_term_string}\"},\"query-input\":{\"@type\":\"PropertyValueSpecification\",\"valueRequired\":true,\"valueName\":\"search_term_string\"}}],\"inLanguage\":\"pt-PT\"},{\"@type\":\"Organization\",\"@id\":\"https:\\\/\\\/www.lafabbricadellapastadigragnano.com\\\/#organization\",\"name\":\"La Fabbrica della Pasta di Gragnano\",\"alternateName\":\"La Fabbrica della Pasta\",\"url\":\"https:\\\/\\\/www.lafabbricadellapastadigragnano.com\\\/\",\"logo\":{\"@type\":\"ImageObject\",\"inLanguage\":\"pt-PT\",\"@id\":\"https:\\\/\\\/www.lafabbricadellapastadigragnano.com\\\/#\\\/schema\\\/logo\\\/image\\\/\",\"url\":\"https:\\\/\\\/www.lafabbricadellapastadigragnano.com\\\/wp-content\\\/uploads\\\/2024\\\/10\\\/logo-ricetta-stampa.png\",\"contentUrl\":\"https:\\\/\\\/www.lafabbricadellapastadigragnano.com\\\/wp-content\\\/uploads\\\/2024\\\/10\\\/logo-ricetta-stampa.png\",\"width\":300,\"height\":200,\"caption\":\"La Fabbrica della Pasta di Gragnano\"},\"image\":{\"@id\":\"https:\\\/\\\/www.lafabbricadellapastadigragnano.com\\\/#\\\/schema\\\/logo\\\/image\\\/\"},\"sameAs\":[\"https:\\\/\\\/www.facebook.com\\\/LaFabbricaDellaPastaDiGragnano\",\"https:\\\/\\\/x.com\\\/fabbricapasta\",\"https:\\\/\\\/www.instagram.com\\\/lafabbricadellapastadigragnano\",\"https:\\\/\\\/www.linkedin.com\\\/company\\\/la-fabbrica-della-pasta-di-gragnano-s-r-l-\\\/\",\"https:\\\/\\\/www.youtube.com\\\/channel\\\/UCnPf62PmylMP1JUIGVDf8OA\",\"https:\\\/\\\/www.tiktok.com\\\/@fabbricadellapasta\"]},{\"@type\":\"Person\",\"@id\":\"https:\\\/\\\/www.lafabbricadellapastadigragnano.com\\\/#\\\/schema\\\/person\\\/5210ab7235fcdc2f920ba1d5572dcdcd\",\"name\":\"fabbricadellapasta\",\"image\":{\"@type\":\"ImageObject\",\"inLanguage\":\"pt-PT\",\"@id\":\"https:\\\/\\\/secure.gravatar.com\\\/avatar\\\/992ab61a4f476fcd7879f91440b8176df8eda9e81fd032904b2eb0ca3d0d2d4e?s=96&#038;d=mm&#038;r=g\",\"url\":\"https:\\\/\\\/secure.gravatar.com\\\/avatar\\\/992ab61a4f476fcd7879f91440b8176df8eda9e81fd032904b2eb0ca3d0d2d4e?s=96&#038;d=mm&#038;r=g\",\"contentUrl\":\"https:\\\/\\\/secure.gravatar.com\\\/avatar\\\/992ab61a4f476fcd7879f91440b8176df8eda9e81fd032904b2eb0ca3d0d2d4e?s=96&#038;d=mm&#038;r=g\",\"caption\":\"fabbricadellapasta\"},\"sameAs\":[\"https:\\\/\\\/www.lafabbricadellapastadigragnano.com\"],\"url\":\"https:\\\/\\\/www.lafabbricadellapastadigragnano.com\\\/pt\\\/author\\\/fabbricadellapasta\\\/\"}]}<\/script>\n<!-- \/ Yoast SEO plugin. -->","yoast_head_json":{"title":"L\u2019arte della Pasta al Dente tra equilibrio, gusto e tradizione - La Fabbrica della Pasta di Gragnano","description":"C\u2019\u00e8 un momento preciso in cui la pasta raggiunge la sua massima espressione: quando \u00e8 al dente! \u00c8 quel momento perfetto in cui ...","robots":{"index":"index","follow":"follow","max-snippet":"max-snippet:-1","max-image-preview":"max-image-preview:large","max-video-preview":"max-video-preview:-1"},"canonical":"https:\/\/www.lafabbricadellapastadigragnano.com\/pt\/larte-della-pasta-al-dente\/","og_locale":"pt_PT","og_type":"article","og_title":"L\u2019arte della Pasta al Dente tra equilibrio, gusto e tradizione - La Fabbrica della Pasta di Gragnano","og_description":"C\u2019\u00e8 un momento preciso in cui la pasta raggiunge la sua massima espressione: quando \u00e8 al dente! \u00c8 quel momento perfetto in cui ...","og_url":"https:\/\/www.lafabbricadellapastadigragnano.com\/pt\/larte-della-pasta-al-dente\/","og_site_name":"La Fabbrica della Pasta di Gragnano","article_publisher":"https:\/\/www.facebook.com\/LaFabbricaDellaPastaDiGragnano","article_published_time":"2025-10-21T13:00:00+00:00","og_image":[{"width":2560,"height":1613,"url":"https:\/\/www.lafabbricadellapastadigragnano.com\/wp-content\/uploads\/2025\/10\/Al-Dente-Definitivo-scaled.jpg","type":"image\/jpeg"}],"author":"fabbricadellapasta","twitter_card":"summary_large_image","twitter_creator":"@fabbricapasta","twitter_site":"@fabbricapasta","twitter_misc":{"Escrito por":"fabbricadellapasta","Tempo estimado de leitura":"3 minutos"},"schema":{"@context":"https:\/\/schema.org","@graph":[{"@type":"Article","@id":"https:\/\/www.lafabbricadellapastadigragnano.com\/larte-della-pasta-al-dente\/#article","isPartOf":{"@id":"https:\/\/www.lafabbricadellapastadigragnano.com\/larte-della-pasta-al-dente\/"},"author":{"name":"fabbricadellapasta","@id":"https:\/\/www.lafabbricadellapastadigragnano.com\/#\/schema\/person\/5210ab7235fcdc2f920ba1d5572dcdcd"},"headline":"L\u2019arte della Pasta al Dente tra equilibrio, gusto e tradizione","datePublished":"2025-10-21T13:00:00+00:00","mainEntityOfPage":{"@id":"https:\/\/www.lafabbricadellapastadigragnano.com\/larte-della-pasta-al-dente\/"},"wordCount":352,"publisher":{"@id":"https:\/\/www.lafabbricadellapastadigragnano.com\/#organization"},"image":{"@id":"https:\/\/www.lafabbricadellapastadigragnano.com\/larte-della-pasta-al-dente\/#primaryimage"},"thumbnailUrl":"https:\/\/www.lafabbricadellapastadigragnano.com\/wp-content\/uploads\/2025\/10\/Al-Dente-Definitivo-scaled.jpg","keywords":["Al Dente","Cottura Pasta","Pasta di Gragnano"],"articleSection":["News"],"inLanguage":"pt-PT"},{"@type":"WebPage","@id":"https:\/\/www.lafabbricadellapastadigragnano.com\/larte-della-pasta-al-dente\/","url":"https:\/\/www.lafabbricadellapastadigragnano.com\/larte-della-pasta-al-dente\/","name":"L\u2019arte della Pasta al Dente tra equilibrio, gusto e tradizione - La Fabbrica della Pasta di Gragnano","isPartOf":{"@id":"https:\/\/www.lafabbricadellapastadigragnano.com\/#website"},"primaryImageOfPage":{"@id":"https:\/\/www.lafabbricadellapastadigragnano.com\/larte-della-pasta-al-dente\/#primaryimage"},"image":{"@id":"https:\/\/www.lafabbricadellapastadigragnano.com\/larte-della-pasta-al-dente\/#primaryimage"},"thumbnailUrl":"https:\/\/www.lafabbricadellapastadigragnano.com\/wp-content\/uploads\/2025\/10\/Al-Dente-Definitivo-scaled.jpg","datePublished":"2025-10-21T13:00:00+00:00","description":"C\u2019\u00e8 un momento preciso in cui la pasta raggiunge la sua massima espressione: quando \u00e8 al dente! \u00c8 quel momento perfetto in cui ...","breadcrumb":{"@id":"https:\/\/www.lafabbricadellapastadigragnano.com\/larte-della-pasta-al-dente\/#breadcrumb"},"inLanguage":"pt-PT","potentialAction":[{"@type":"ReadAction","target":["https:\/\/www.lafabbricadellapastadigragnano.com\/larte-della-pasta-al-dente\/"]}]},{"@type":"ImageObject","inLanguage":"pt-PT","@id":"https:\/\/www.lafabbricadellapastadigragnano.com\/larte-della-pasta-al-dente\/#primaryimage","url":"https:\/\/www.lafabbricadellapastadigragnano.com\/wp-content\/uploads\/2025\/10\/Al-Dente-Definitivo-scaled.jpg","contentUrl":"https:\/\/www.lafabbricadellapastadigragnano.com\/wp-content\/uploads\/2025\/10\/Al-Dente-Definitivo-scaled.jpg","width":2560,"height":1613,"caption":"Kit Regalo Al Dente! \u00a9 La Fabbrica della Pasta di Gragnano"},{"@type":"BreadcrumbList","@id":"https:\/\/www.lafabbricadellapastadigragnano.com\/larte-della-pasta-al-dente\/#breadcrumb","itemListElement":[{"@type":"ListItem","position":1,"name":"Home","item":"https:\/\/www.lafabbricadellapastadigragnano.com\/"},{"@type":"ListItem","position":2,"name":"L\u2019arte della Pasta al Dente tra equilibrio, gusto e tradizione"}]},{"@type":"WebSite","@id":"https:\/\/www.lafabbricadellapastadigragnano.com\/#website","url":"https:\/\/www.lafabbricadellapastadigragnano.com\/","name":"La Fabbrica della Pasta di Gragnano","description":"Una pasta d&#039;eccellenza","publisher":{"@id":"https:\/\/www.lafabbricadellapastadigragnano.com\/#organization"},"alternateName":"La Fabbrica della Pasta","potentialAction":[{"@type":"SearchAction","target":{"@type":"EntryPoint","urlTemplate":"https:\/\/www.lafabbricadellapastadigragnano.com\/?s={search_term_string}"},"query-input":{"@type":"PropertyValueSpecification","valueRequired":true,"valueName":"search_term_string"}}],"inLanguage":"pt-PT"},{"@type":"Organization","@id":"https:\/\/www.lafabbricadellapastadigragnano.com\/#organization","name":"La Fabbrica della Pasta di Gragnano","alternateName":"La Fabbrica della Pasta","url":"https:\/\/www.lafabbricadellapastadigragnano.com\/","logo":{"@type":"ImageObject","inLanguage":"pt-PT","@id":"https:\/\/www.lafabbricadellapastadigragnano.com\/#\/schema\/logo\/image\/","url":"https:\/\/www.lafabbricadellapastadigragnano.com\/wp-content\/uploads\/2024\/10\/logo-ricetta-stampa.png","contentUrl":"https:\/\/www.lafabbricadellapastadigragnano.com\/wp-content\/uploads\/2024\/10\/logo-ricetta-stampa.png","width":300,"height":200,"caption":"La Fabbrica della Pasta di Gragnano"},"image":{"@id":"https:\/\/www.lafabbricadellapastadigragnano.com\/#\/schema\/logo\/image\/"},"sameAs":["https:\/\/www.facebook.com\/LaFabbricaDellaPastaDiGragnano","https:\/\/x.com\/fabbricapasta","https:\/\/www.instagram.com\/lafabbricadellapastadigragnano","https:\/\/www.linkedin.com\/company\/la-fabbrica-della-pasta-di-gragnano-s-r-l-\/","https:\/\/www.youtube.com\/channel\/UCnPf62PmylMP1JUIGVDf8OA","https:\/\/www.tiktok.com\/@fabbricadellapasta"]},{"@type":"Person","@id":"https:\/\/www.lafabbricadellapastadigragnano.com\/#\/schema\/person\/5210ab7235fcdc2f920ba1d5572dcdcd","name":"fabbricadellapasta","image":{"@type":"ImageObject","inLanguage":"pt-PT","@id":"https:\/\/secure.gravatar.com\/avatar\/992ab61a4f476fcd7879f91440b8176df8eda9e81fd032904b2eb0ca3d0d2d4e?s=96&#038;d=mm&#038;r=g","url":"https:\/\/secure.gravatar.com\/avatar\/992ab61a4f476fcd7879f91440b8176df8eda9e81fd032904b2eb0ca3d0d2d4e?s=96&#038;d=mm&#038;r=g","contentUrl":"https:\/\/secure.gravatar.com\/avatar\/992ab61a4f476fcd7879f91440b8176df8eda9e81fd032904b2eb0ca3d0d2d4e?s=96&#038;d=mm&#038;r=g","caption":"fabbricadellapasta"},"sameAs":["https:\/\/www.lafabbricadellapastadigragnano.com"],"url":"https:\/\/www.lafabbricadellapastadigragnano.com\/pt\/author\/fabbricadellapasta\/"}]}},"_links":{"self":[{"href":"https:\/\/www.lafabbricadellapastadigragnano.com\/pt\/wp-json\/wp\/v2\/posts\/5290","targetHints":{"allow":["GET"]}}],"collection":[{"href":"https:\/\/www.lafabbricadellapastadigragnano.com\/pt\/wp-json\/wp\/v2\/posts"}],"about":[{"href":"https:\/\/www.lafabbricadellapastadigragnano.com\/pt\/wp-json\/wp\/v2\/types\/post"}],"author":[{"embeddable":true,"href":"https:\/\/www.lafabbricadellapastadigragnano.com\/pt\/wp-json\/wp\/v2\/users\/1"}],"replies":[{"embeddable":true,"href":"https:\/\/www.lafabbricadellapastadigragnano.com\/pt\/wp-json\/wp\/v2\/comments?post=5290"}],"version-history":[{"count":9,"href":"https:\/\/www.lafabbricadellapastadigragnano.com\/pt\/wp-json\/wp\/v2\/posts\/5290\/revisions"}],"predecessor-version":[{"id":5301,"href":"https:\/\/www.lafabbricadellapastadigragnano.com\/pt\/wp-json\/wp\/v2\/posts\/5290\/revisions\/5301"}],"wp:featuredmedia":[{"embeddable":true,"href":"https:\/\/www.lafabbricadellapastadigragnano.com\/pt\/wp-json\/wp\/v2\/media\/5294"}],"wp:attachment":[{"href":"https:\/\/www.lafabbricadellapastadigragnano.com\/pt\/wp-json\/wp\/v2\/media?parent=5290"}],"wp:term":[{"taxonomy":"category","embeddable":true,"href":"https:\/\/www.lafabbricadellapastadigragnano.com\/pt\/wp-json\/wp\/v2\/categories?post=5290"},{"taxonomy":"post_tag","embeddable":true,"href":"https:\/\/www.lafabbricadellapastadigragnano.com\/pt\/wp-json\/wp\/v2\/tags?post=5290"}],"curies":[{"name":"wp","href":"https:\/\/api.w.org\/{rel}","templated":true}]}}